{"id":1116,"date":"2022-12-16T17:10:00","date_gmt":"2022-12-16T16:10:00","guid":{"rendered":"https:\/\/echoczerska.pl\/?p=1116"},"modified":"2023-02-15T22:39:52","modified_gmt":"2023-02-15T21:39:52","slug":"__trashed","status":"publish","type":"post","link":"https:\/\/echoczerska.pl\/?p=1116","title":{"rendered":"Study Visit<br \/>&#8222;Youth Work Reality in Azerbaijan&#8221;<br \/>Baku, Azerbaijan<br \/>04\/12\/2022-10\/12\/2022"},"content":{"rendered":"\n<p>W dniach 4-10.12.22r. uczestniczy\u0142em w mi\u0119dzynarodowej wizycie studyjnej pt. \u201eRealia pracy z m\u0142odzie\u017c\u0105 w Azerbejd\u017canie\u201d, kt\u00f3ra odby\u0142a si\u0119 w Baku. Organizatorami wizyty by\u0142o Centrum Wsp\u00f3\u0142pracy z krajami Europy Wschodniej i Kaukazu SALTO, Centrum Informacyjne program\u00f3w Erasmus+ i Europejskiego Korpusu Solidarno\u015bci w Azerbejd\u017canie oraz Ministerstwo ds. M\u0142odzie\u017cy i Sportu Azerbejd\u017canu. Wizyta studyjna stworzy\u0142a okazj\u0119 do poznania azerbejd\u017ca\u0144skiej polityki m\u0142odzie\u017cowej oraz pracy z m\u0142odzie\u017c\u0105 w Baku oraz w r\u00f3\u017cnych regionach Azerbejd\u017canu. Mia\u0142em okazj\u0119 wizyt w o\u015brodkach m\u0142odzie\u017cowych oraz organizacjach zajmuj\u0105cych si\u0119 prac\u0105 z m\u0142odzie\u017c\u0105. Kraje uczestnicz\u0105ce w wymianie: Polska, Portugalia, Hiszpania, Niemcy, Litwa, Azerbejd\u017can, Ukraina, Turcja.<\/p>\n\n\n\n<p class=\"has-text-align-right\"><em>Mateusz Janczuk &#8211; uczestnik wizyty<\/em><\/p>\n\n\n\n<figure class=\"wp-block-image size-full is-resized\"><img loading=\"lazy\" decoding=\"async\" src=\"https:\/\/echoczerska.pl\/wp-content\/uploads\/2022\/12\/LOGO-na-strone.png\" alt=\"\" class=\"wp-image-669\" width=\"514\" height=\"87\" srcset=\"https:\/\/echoczerska.pl\/wp-content\/uploads\/2022\/12\/LOGO-na-strone.png 800w, https:\/\/echoczerska.pl\/wp-content\/uploads\/2022\/12\/LOGO-na-strone-300x51.png 300w, https:\/\/echoczerska.pl\/wp-content\/uploads\/2022\/12\/LOGO-na-strone-768x130.png 768w\" sizes=\"auto, (max-width: 514px) 100vw, 514px\" \/><\/figure>\n\n\n\nngg_shortcode_0_placeholder\n","protected":false},"excerpt":{"rendered":"<p>W dniach 4-10.12.22r. uczestniczy\u0142em w mi\u0119dzynarodowej wizycie studyjnej pt. \u201eRealia pracy z m\u0142odzie\u017c\u0105 w Azerbejd\u017canie\u201d, kt\u00f3ra odby\u0142a si\u0119 w Baku. Organizatorami wizyty by\u0142o Centrum Wsp\u00f3\u0142pracy z krajami Europy Wschodniej i Kaukazu SALTO, Centrum Informacyjne program\u00f3w Erasmus+ i Europejskiego Korpusu Solidarno\u015bci w Azerbejd\u017canie oraz Ministerstwo ds. M\u0142odzie\u017cy i Sportu Azerbejd\u017canu. Wizyta studyjna stworzy\u0142a okazj\u0119 do poznania&hellip;<\/p>\n","protected":false},"author":1,"featured_media":1125,"comment_status":"open","ping_status":"open","sticky":false,"template":"","format":"standard","meta":{"ngg_post_thumbnail":216,"footnotes":""},"categories":[14],"tags":[],"class_list":["post-1116","post","type-post","status-publish","format-standard","has-post-thumbnail","hentry","category-inne","tw-post-no-content","tw-post-has-image-16-9","tw-meta-no-icon"],"_links":{"self":[{"href":"https:\/\/echoczerska.pl\/index.php?rest_route=\/wp\/v2\/posts\/1116","targetHints":{"allow":["GET"]}}],"collection":[{"href":"https:\/\/echoczerska.pl\/index.php?rest_route=\/wp\/v2\/posts"}],"about":[{"href":"https:\/\/echoczerska.pl\/index.php?rest_route=\/wp\/v2\/types\/post"}],"author":[{"embeddable":true,"href":"https:\/\/echoczerska.pl\/index.php?rest_route=\/wp\/v2\/users\/1"}],"replies":[{"embeddable":true,"href":"https:\/\/echoczerska.pl\/index.php?rest_route=%2Fwp%2Fv2%2Fcomments&post=1116"}],"version-history":[{"count":2,"href":"https:\/\/echoczerska.pl\/index.php?rest_route=\/wp\/v2\/posts\/1116\/revisions"}],"predecessor-version":[{"id":1156,"href":"https:\/\/echoczerska.pl\/index.php?rest_route=\/wp\/v2\/posts\/1116\/revisions\/1156"}],"wp:featuredmedia":[{"embeddable":true,"href":"https:\/\/echoczerska.pl\/index.php?rest_route=\/wp\/v2\/media\/1125"}],"wp:attachment":[{"href":"https:\/\/echoczerska.pl\/index.php?rest_route=%2Fwp%2Fv2%2Fmedia&parent=1116"}],"wp:term":[{"taxonomy":"category","embeddable":true,"href":"https:\/\/echoczerska.pl\/index.php?rest_route=%2Fwp%2Fv2%2Fcategories&post=1116"},{"taxonomy":"post_tag","embeddable":true,"href":"https:\/\/echoczerska.pl\/index.php?rest_route=%2Fwp%2Fv2%2Ftags&post=1116"}],"curies":[{"name":"wp","href":"https:\/\/api.w.org\/{rel}","templated":true}]}}