{"id":1250,"date":"2023-06-10T15:09:33","date_gmt":"2023-06-10T13:09:33","guid":{"rendered":"https:\/\/echoczerska.pl\/?p=1250"},"modified":"2023-06-10T15:28:16","modified_gmt":"2023-06-10T13:28:16","slug":"youth-exchangeart-for-mental-wellnessdjurevo-bulgaria21-05-30-05-2023","status":"publish","type":"post","link":"https:\/\/echoczerska.pl\/?p=1250","title":{"rendered":"Youth Exchange<br \/>&#8222;Art for Mental Wellness&#8221;<br \/>Djurevo, Bulgaria<br \/>21\/05\/2023-30\/05\/2023"},"content":{"rendered":"\n<p>W dniach 21.05-30.05.2023r. mia\u0142y\u015bmy przyjemno\u015b\u0107 uczestniczy\u0107 w projekcie ,,Art for Mental Wellness&#8221; zorganizowanym przez Synergy Bu\u0142garia w bu\u0142garskiej wsi Djurevo. W projekcie bra\u0142o udzia\u0142 35 uczestnik\u00f3w z Turcji, Bu\u0142garii, W\u0142och, Hiszpanii, Rumunii Polski i Grecji. Uczestnicy projektu zostali wys\u0142ani przez nast\u0119puj\u0105ce organizacje:<\/p>\n\n\n\n<ul class=\"wp-block-list\">\n<li> Stowarzyszenie Kulturalne Podnosi<a href=\"https:\/\/www.facebook.com\/raizesteatro?__cft__[0]=AZXcTS249muHYUe2QpxNXcHIj_WyRQcLlBEyYKbmyEc-BatlEWpcZoFmw5F9YjnvpEBNwFZ9Sb1t-koPhKsbXpD0B-Bvmk4Dn7W7kTIAxPguYGe7Apa8j8d9RlDQnNEYpPDyn2QokMGfB3Sg8qkn624xBeUGq3Ee6CGI9fBj5jlouuXzZsVLhj-Ey6Yikx32x38&amp;__tn__=-]K-R\"> Raizes Teatro<\/a><\/li>\n\n\n\n<li> Klub Student\u00f3w Uniwersytetu Aksaray<a href=\"https:\/\/www.facebook.com\/AsuIsClub?__cft__[0]=AZXcTS249muHYUe2QpxNXcHIj_WyRQcLlBEyYKbmyEc-BatlEWpcZoFmw5F9YjnvpEBNwFZ9Sb1t-koPhKsbXpD0B-Bvmk4Dn7W7kTIAxPguYGe7Apa8j8d9RlDQnNEYpPDyn2QokMGfB3Sg8qkn624xBeUGq3Ee6CGI9fBj5jlouuXzZsVLhj-Ey6Yikx32x38&amp;__tn__=-]K-R\"> ASU International Students Club<\/a><\/li>\n\n\n\n<li> Sp\u00f3\u0142dzielnia Roes<a href=\"https:\/\/www.facebook.com\/roes.coop?__cft__[0]=AZXcTS249muHYUe2QpxNXcHIj_WyRQcLlBEyYKbmyEc-BatlEWpcZoFmw5F9YjnvpEBNwFZ9Sb1t-koPhKsbXpD0B-Bvmk4Dn7W7kTIAxPguYGe7Apa8j8d9RlDQnNEYpPDyn2QokMGfB3Sg8qkn624xBeUGq3Ee6CGI9fBj5jlouuXzZsVLhj-Ey6Yikx32x38&amp;__tn__=-]K-R\"> Roes Cooperativa<\/a><\/li>\n\n\n\n<li> Stowarzyszenie GEYC<a href=\"https:\/\/www.facebook.com\/GEYCRomania?__cft__[0]=AZXcTS249muHYUe2QpxNXcHIj_WyRQcLlBEyYKbmyEc-BatlEWpcZoFmw5F9YjnvpEBNwFZ9Sb1t-koPhKsbXpD0B-Bvmk4Dn7W7kTIAxPguYGe7Apa8j8d9RlDQnNEYpPDyn2QokMGfB3Sg8qkn624xBeUGq3Ee6CGI9fBj5jlouuXzZsVLhj-Ey6Yikx32x38&amp;__tn__=-]K-R\"> GEYC<\/a><\/li>\n\n\n\n<li> EUducate<a href=\"https:\/\/www.facebook.com\/EUducate?__cft__[0]=AZXcTS249muHYUe2QpxNXcHIj_WyRQcLlBEyYKbmyEc-BatlEWpcZoFmw5F9YjnvpEBNwFZ9Sb1t-koPhKsbXpD0B-Bvmk4Dn7W7kTIAxPguYGe7Apa8j8d9RlDQnNEYpPDyn2QokMGfB3Sg8qkn624xBeUGq3Ee6CGI9fBj5jlouuXzZsVLhj-Ey6Yikx32x38&amp;__tn__=-]K-R\"> EUducate<\/a><\/li>\n\n\n\n<li> Euromed<a href=\"https:\/\/www.facebook.com\/euromedevepolska?__cft__[0]=AZXcTS249muHYUe2QpxNXcHIj_WyRQcLlBEyYKbmyEc-BatlEWpcZoFmw5F9YjnvpEBNwFZ9Sb1t-koPhKsbXpD0B-Bvmk4Dn7W7kTIAxPguYGe7Apa8j8d9RlDQnNEYpPDyn2QokMGfB3Sg8qkn624xBeUGq3Ee6CGI9fBj5jlouuXzZsVLhj-Ey6Yikx32x38&amp;__tn__=-]K-R\"> Euro-Mediterranean Association of Exchanges Volunteering Events Polska<\/a><\/li>\n<\/ul>\n\n\n\n<p>W ramach projektu uczestniczyli\u015bmy w warsztatach plastycznych, spektaklach, improwizacjach i&nbsp; mog\u0142y\u015bmy sprawdzi\u0107 swoje si\u0142y w r\u00f3\u017cnych rolach teatralnych. Te wspania\u0142e chwile w le\u015bnym zaciszu sprawi\u0142y, \u017ce mog\u0142y\u015bmy odpocz\u0105\u0107 od codzienno\u015bci i poprzez kontakt z natur\u0105 obni\u017cy\u0107 poziom stresu i znale\u017a\u0107 ukojenie poprzez medytacj\u0119. Pod okiem dw\u00f3ch bu\u0142garskich aktor\u00f3w Ivo Yonchev i Georgi Kraev moglysmy \u0107wiczy\u0107 nasze zdolno\u015bci aktorskie.&nbsp;<\/p>\n\n\n\n<p>Uczestniczy\u0142y\u015bmy r\u00f3wnie\u017c w procesie tworzenia w\u0142oskiego canzone i ta\u0144czy\u0142y\u015bmy tureckie ta\u0144ce.&nbsp;<\/p>\n\n\n\n<p>Jeste\u015bmy bardzo zadowolone i nawet spanie w namiocie nie by\u0142o dla nas straszne. Te kilka dni w bu\u0142garskiej wsi, z dala od zgie\u0142ku miejskiego by\u0142o dla nas szans\u0105 poznania wspania\u0142ych ludzi, nowych kultur, a tak\u017ce wycieczk\u0105 w g\u0142\u0105b nas samych.<\/p>\n\n\n\n<p>Polecamy takie do\u015bwiadczenia i zach\u0119camy do tego typu aktywno\u015bci.<\/p>\n\n\n\n<p class=\"has-text-align-right\"><em>Liderka Agata i zesp\u00f3\u0142: Natalie, Edyta, Emila i Julianna<\/em><\/p>\n\n\n\n<figure class=\"wp-block-image size-full is-resized\"><img loading=\"lazy\" decoding=\"async\" src=\"https:\/\/echoczerska.pl\/wp-content\/uploads\/2022\/12\/LOGO-na-strone.png\" alt=\"\" class=\"wp-image-669\" width=\"544\" height=\"92\" srcset=\"https:\/\/echoczerska.pl\/wp-content\/uploads\/2022\/12\/LOGO-na-strone.png 800w, https:\/\/echoczerska.pl\/wp-content\/uploads\/2022\/12\/LOGO-na-strone-300x51.png 300w, https:\/\/echoczerska.pl\/wp-content\/uploads\/2022\/12\/LOGO-na-strone-768x130.png 768w\" sizes=\"auto, (max-width: 544px) 100vw, 544px\" \/><\/figure>\n\n\n\nngg_shortcode_0_placeholder\n","protected":false},"excerpt":{"rendered":"<p>W dniach 21.05-30.05.2023r. mia\u0142y\u015bmy przyjemno\u015b\u0107 uczestniczy\u0107 w projekcie ,,Art for Mental Wellness&#8221; zorganizowanym przez Synergy Bu\u0142garia w bu\u0142garskiej wsi Djurevo. W projekcie bra\u0142o udzia\u0142 35 uczestnik\u00f3w z Turcji, Bu\u0142garii, W\u0142och, Hiszpanii, Rumunii Polski i Grecji. Uczestnicy projektu zostali wys\u0142ani przez nast\u0119puj\u0105ce organizacje: W ramach projektu uczestniczyli\u015bmy w warsztatach plastycznych, spektaklach, improwizacjach i&nbsp; mog\u0142y\u015bmy sprawdzi\u0107 swoje&hellip;<\/p>\n","protected":false},"author":1,"featured_media":1260,"comment_status":"open","ping_status":"open","sticky":false,"template":"","format":"standard","meta":{"ngg_post_thumbnail":284,"footnotes":""},"categories":[14,12],"tags":[],"class_list":["post-1250","post","type-post","status-publish","format-standard","has-post-thumbnail","hentry","category-inne","category-zrealizowane","tw-post-no-content","tw-post-has-image-16-9","tw-meta-no-icon"],"_links":{"self":[{"href":"https:\/\/echoczerska.pl\/index.php?rest_route=\/wp\/v2\/posts\/1250","targetHints":{"allow":["GET"]}}],"collection":[{"href":"https:\/\/echoczerska.pl\/index.php?rest_route=\/wp\/v2\/posts"}],"about":[{"href":"https:\/\/echoczerska.pl\/index.php?rest_route=\/wp\/v2\/types\/post"}],"author":[{"embeddable":true,"href":"https:\/\/echoczerska.pl\/index.php?rest_route=\/wp\/v2\/users\/1"}],"replies":[{"embeddable":true,"href":"https:\/\/echoczerska.pl\/index.php?rest_route=%2Fwp%2Fv2%2Fcomments&post=1250"}],"version-history":[{"count":3,"href":"https:\/\/echoczerska.pl\/index.php?rest_route=\/wp\/v2\/posts\/1250\/revisions"}],"predecessor-version":[{"id":1271,"href":"https:\/\/echoczerska.pl\/index.php?rest_route=\/wp\/v2\/posts\/1250\/revisions\/1271"}],"wp:featuredmedia":[{"embeddable":true,"href":"https:\/\/echoczerska.pl\/index.php?rest_route=\/wp\/v2\/media\/1260"}],"wp:attachment":[{"href":"https:\/\/echoczerska.pl\/index.php?rest_route=%2Fwp%2Fv2%2Fmedia&parent=1250"}],"wp:term":[{"taxonomy":"category","embeddable":true,"href":"https:\/\/echoczerska.pl\/index.php?rest_route=%2Fwp%2Fv2%2Fcategories&post=1250"},{"taxonomy":"post_tag","embeddable":true,"href":"https:\/\/echoczerska.pl\/index.php?rest_route=%2Fwp%2Fv2%2Ftags&post=1250"}],"curies":[{"name":"wp","href":"https:\/\/api.w.org\/{rel}","templated":true}]}}