{"id":1262,"date":"2023-05-20T15:12:00","date_gmt":"2023-05-20T13:12:00","guid":{"rendered":"https:\/\/echoczerska.pl\/?p=1262"},"modified":"2023-06-10T15:28:02","modified_gmt":"2023-06-10T13:28:02","slug":"youth-exchangeyouth-democracyfloda-sweden03-05-2023-11-05-2023","status":"publish","type":"post","link":"https:\/\/echoczerska.pl\/?p=1262","title":{"rendered":"Youth Exchange<br \/>&#8222;Youth &#038; Democracy&#8221;<br \/>Floda, Sweden<br \/>03\/05\/2023-11\/05\/2023"},"content":{"rendered":"\n<p>W dniach od 3 do 11 maja odby\u0142a si\u0119 Wymiana M\u0142odzie\u017cowa w miejscowo\u015bci Floda w Szwecji, w ramach programu Erasmus+ pt. &#8222;Youth &amp; Democracy&#8221;. Tematem przewodnim tego niezwyk\u0142ego wydarzenia by\u0142a m\u0142odzie\u017c i demokracja. W wymianie wzi\u0119\u0142y udzia\u0142 m\u0142ode osoby z Polski, Szwecji, W\u0142och, Portugalii oraz Macedonii P\u00f3\u0142nocnej. Spotkanie mia\u0142o na celu wymian\u0119 do\u015bwiadcze\u0144, pog\u0142\u0119bienie wiedzy na temat demokracji oraz tworzenie przyja\u017ani i wi\u0119zi mi\u0119dzy kulturami.<\/p>\n\n\n\n<p>Podczas wymiany m\u0142odzie\u017cowej w Flodzie, m\u0142odzi uczestnicy brali udzia\u0142 w r\u00f3\u017cnorodnych warsztatach, dyskusjach i prezentacjach, kt\u00f3re skupia\u0142y si\u0119 na m\u0142odzie\u017cy i jej roli w demokracji. W trakcie zaj\u0119\u0107 omawiano takie tematy jak uczestnictwo obywatelskie, prawa cz\u0142owieka, r\u00f3wno\u015b\u0107 i r\u00f3\u017cnorodno\u015b\u0107, aktywizm spo\u0142eczny oraz budowanie dialogu mi\u0119dzykulturowego. Uczestnicy mieli okazj\u0119 wyrazi\u0107 swoje opinie, podzieli\u0107 si\u0119 do\u015bwiadczeniami i zainspirowa\u0107 si\u0119 historiami innych.<\/p>\n\n\n\n<p>W trakcie wymiany organizowano r\u00f3wnie\u017c wieczory kulturowe, podczas kt\u00f3rych ka\u017cde z uczestnicz\u0105cych pa\u0144stw mia\u0142o okazj\u0119 zaprezentowa\u0107 swoj\u0105 kultur\u0119, tradycje i kulinarne specja\u0142y. W czasie polskiego wieczoru, uczestnicy mieli okazj\u0119 skosztowa\u0107 tradycyjnych polskich potraw, takich jak pierogi, kt\u00f3re zdoby\u0142y serca wszystkich obecnych. Opr\u00f3cz tego, by\u0142y tak\u017ce s\u0142odko\u015bci, takie jak ptasie mleczko i przer\u00f3\u017cne cukierki polskich producent\u00f3w. Nie mog\u0142o r\u00f3wnie\u017c zabrakn\u0105\u0107 kabanos\u00f3w i paluszk\u00f3w.<\/p>\n\n\n\n<p class=\"has-text-align-right\"><em>Igor Stokowski &#8211; uczestnik wymiany<\/em><\/p>\n\n\n\n<figure class=\"wp-block-image size-full is-resized\"><img loading=\"lazy\" decoding=\"async\" src=\"https:\/\/echoczerska.pl\/wp-content\/uploads\/2022\/12\/LOGO-na-strone.png\" alt=\"\" class=\"wp-image-669\" width=\"546\" height=\"92\" srcset=\"https:\/\/echoczerska.pl\/wp-content\/uploads\/2022\/12\/LOGO-na-strone.png 800w, https:\/\/echoczerska.pl\/wp-content\/uploads\/2022\/12\/LOGO-na-strone-300x51.png 300w, https:\/\/echoczerska.pl\/wp-content\/uploads\/2022\/12\/LOGO-na-strone-768x130.png 768w\" sizes=\"auto, (max-width: 546px) 100vw, 546px\" \/><\/figure>\n\n\n\nngg_shortcode_0_placeholder\n","protected":false},"excerpt":{"rendered":"<p>W dniach od 3 do 11 maja odby\u0142a si\u0119 Wymiana M\u0142odzie\u017cowa w miejscowo\u015bci Floda w Szwecji, w ramach programu Erasmus+ pt. &#8222;Youth &amp; Democracy&#8221;. Tematem przewodnim tego niezwyk\u0142ego wydarzenia by\u0142a m\u0142odzie\u017c i demokracja. W wymianie wzi\u0119\u0142y udzia\u0142 m\u0142ode osoby z Polski, Szwecji, W\u0142och, Portugalii oraz Macedonii P\u00f3\u0142nocnej. Spotkanie mia\u0142o na celu wymian\u0119 do\u015bwiadcze\u0144, pog\u0142\u0119bienie wiedzy&hellip;<\/p>\n","protected":false},"author":1,"featured_media":1270,"comment_status":"open","ping_status":"open","sticky":false,"template":"","format":"standard","meta":{"ngg_post_thumbnail":295,"footnotes":""},"categories":[14,12],"tags":[],"class_list":["post-1262","post","type-post","status-publish","format-standard","has-post-thumbnail","hentry","category-inne","category-zrealizowane","tw-post-no-content","tw-post-has-image-16-9","tw-meta-no-icon"],"_links":{"self":[{"href":"https:\/\/echoczerska.pl\/index.php?rest_route=\/wp\/v2\/posts\/1262","targetHints":{"allow":["GET"]}}],"collection":[{"href":"https:\/\/echoczerska.pl\/index.php?rest_route=\/wp\/v2\/posts"}],"about":[{"href":"https:\/\/echoczerska.pl\/index.php?rest_route=\/wp\/v2\/types\/post"}],"author":[{"embeddable":true,"href":"https:\/\/echoczerska.pl\/index.php?rest_route=\/wp\/v2\/users\/1"}],"replies":[{"embeddable":true,"href":"https:\/\/echoczerska.pl\/index.php?rest_route=%2Fwp%2Fv2%2Fcomments&post=1262"}],"version-history":[{"count":1,"href":"https:\/\/echoczerska.pl\/index.php?rest_route=\/wp\/v2\/posts\/1262\/revisions"}],"predecessor-version":[{"id":1269,"href":"https:\/\/echoczerska.pl\/index.php?rest_route=\/wp\/v2\/posts\/1262\/revisions\/1269"}],"wp:featuredmedia":[{"embeddable":true,"href":"https:\/\/echoczerska.pl\/index.php?rest_route=\/wp\/v2\/media\/1270"}],"wp:attachment":[{"href":"https:\/\/echoczerska.pl\/index.php?rest_route=%2Fwp%2Fv2%2Fmedia&parent=1262"}],"wp:term":[{"taxonomy":"category","embeddable":true,"href":"https:\/\/echoczerska.pl\/index.php?rest_route=%2Fwp%2Fv2%2Fcategories&post=1262"},{"taxonomy":"post_tag","embeddable":true,"href":"https:\/\/echoczerska.pl\/index.php?rest_route=%2Fwp%2Fv2%2Ftags&post=1262"}],"curies":[{"name":"wp","href":"https:\/\/api.w.org\/{rel}","templated":true}]}}