{"id":1375,"date":"2023-06-20T14:56:48","date_gmt":"2023-06-20T12:56:48","guid":{"rendered":"https:\/\/echoczerska.pl\/?p=1375"},"modified":"2023-07-09T15:18:07","modified_gmt":"2023-07-09T13:18:07","slug":"youth-exchangerecycling-workshopsamsun-turcja08-06-2023-16-06-2023","status":"publish","type":"post","link":"https:\/\/echoczerska.pl\/?p=1375","title":{"rendered":"Youth Exchange<br \/>\u201eRecycling Workshop\u201d<br \/>Samsun, Turkey<br \/>08\/06\/2023-16\/06\/2023"},"content":{"rendered":"\n<p>W dniach od 8 do 16 czerwca 2023 roku blisko 30 os\u00f3b wzi\u0119\u0142o udzia\u0142 w wymianie m\u0142odzie\u017cy w Samsun, mie\u015bcie portowym na p\u00f3\u0142nocy Turcji. Opr\u00f3cz uczestnik\u00f3w z Polski obecni byli r\u00f3wnie\u017c Rumuni, Hiszpanie, W\u0119grzy i reprezentanci gospodarzy, Turcy. Tematem naszego projektu by\u0142 recykling. Og\u00f3lnym celem tego projektu by\u0142o dok\u0142adne zapoznanie m\u0142odzie\u017cy z efektywnym wykorzystaniem odpad\u00f3w i materia\u0142\u00f3w ponownego przetworzenia. W ci\u0105gu tygodnia kilkuosobowe grupy tworzy\u0142y dzie\u0142a sztuki z recyklingu oraz filmiki podkre\u015blaj\u0105ce wag\u0119 braku \u015bmiecenia. Przy okazji uczestnicy nawi\u0105zali znajomo\u015bci, kt\u00f3re pomog\u0142y osi\u0105gn\u0105\u0107 jeszcze g\u0142\u0119bsze do\u015bwiadczenie mi\u0119dzynarodowe. By\u0142 to dobrze sp\u0119dzony, produktywny czas!<\/p>\n\n\n\n<p class=\"has-text-align-right\"><em>Maciej Gacek &#8211; lider grupy<\/em><\/p>\n\n\n\n<figure class=\"wp-block-image size-full is-resized\"><img loading=\"lazy\" decoding=\"async\" src=\"https:\/\/echoczerska.pl\/wp-content\/uploads\/2022\/12\/LOGO-na-strone.png\" alt=\"\" class=\"wp-image-669\" width=\"593\" height=\"100\" srcset=\"https:\/\/echoczerska.pl\/wp-content\/uploads\/2022\/12\/LOGO-na-strone.png 800w, https:\/\/echoczerska.pl\/wp-content\/uploads\/2022\/12\/LOGO-na-strone-300x51.png 300w, https:\/\/echoczerska.pl\/wp-content\/uploads\/2022\/12\/LOGO-na-strone-768x130.png 768w\" sizes=\"auto, (max-width: 593px) 100vw, 593px\" \/><\/figure>\n\n\n\nngg_shortcode_0_placeholder\n","protected":false},"excerpt":{"rendered":"<p>W dniach od 8 do 16 czerwca 2023 roku blisko 30 os\u00f3b wzi\u0119\u0142o udzia\u0142 w wymianie m\u0142odzie\u017cy w Samsun, mie\u015bcie portowym na p\u00f3\u0142nocy Turcji. Opr\u00f3cz uczestnik\u00f3w z Polski obecni byli r\u00f3wnie\u017c Rumuni, Hiszpanie, W\u0119grzy i reprezentanci gospodarzy, Turcy. Tematem naszego projektu by\u0142 recykling. Og\u00f3lnym celem tego projektu by\u0142o dok\u0142adne zapoznanie m\u0142odzie\u017cy z efektywnym wykorzystaniem odpad\u00f3w&hellip;<\/p>\n","protected":false},"author":1,"featured_media":1389,"comment_status":"open","ping_status":"open","sticky":false,"template":"","format":"standard","meta":{"ngg_post_thumbnail":353,"footnotes":""},"categories":[14,12],"tags":[],"class_list":["post-1375","post","type-post","status-publish","format-standard","has-post-thumbnail","hentry","category-inne","category-zrealizowane","tw-post-no-content","tw-post-has-image-16-9","tw-meta-no-icon"],"_links":{"self":[{"href":"https:\/\/echoczerska.pl\/index.php?rest_route=\/wp\/v2\/posts\/1375","targetHints":{"allow":["GET"]}}],"collection":[{"href":"https:\/\/echoczerska.pl\/index.php?rest_route=\/wp\/v2\/posts"}],"about":[{"href":"https:\/\/echoczerska.pl\/index.php?rest_route=\/wp\/v2\/types\/post"}],"author":[{"embeddable":true,"href":"https:\/\/echoczerska.pl\/index.php?rest_route=\/wp\/v2\/users\/1"}],"replies":[{"embeddable":true,"href":"https:\/\/echoczerska.pl\/index.php?rest_route=%2Fwp%2Fv2%2Fcomments&post=1375"}],"version-history":[{"count":2,"href":"https:\/\/echoczerska.pl\/index.php?rest_route=\/wp\/v2\/posts\/1375\/revisions"}],"predecessor-version":[{"id":1390,"href":"https:\/\/echoczerska.pl\/index.php?rest_route=\/wp\/v2\/posts\/1375\/revisions\/1390"}],"wp:featuredmedia":[{"embeddable":true,"href":"https:\/\/echoczerska.pl\/index.php?rest_route=\/wp\/v2\/media\/1389"}],"wp:attachment":[{"href":"https:\/\/echoczerska.pl\/index.php?rest_route=%2Fwp%2Fv2%2Fmedia&parent=1375"}],"wp:term":[{"taxonomy":"category","embeddable":true,"href":"https:\/\/echoczerska.pl\/index.php?rest_route=%2Fwp%2Fv2%2Fcategories&post=1375"},{"taxonomy":"post_tag","embeddable":true,"href":"https:\/\/echoczerska.pl\/index.php?rest_route=%2Fwp%2Fv2%2Ftags&post=1375"}],"curies":[{"name":"wp","href":"https:\/\/api.w.org\/{rel}","templated":true}]}}