{"id":1588,"date":"2023-10-10T21:53:10","date_gmt":"2023-10-10T19:53:10","guid":{"rendered":"https:\/\/echoczerska.pl\/?p=1588"},"modified":"2023-10-10T21:53:43","modified_gmt":"2023-10-10T19:53:43","slug":"youth-exchangedreams-come-truehohen-pritz-germany17-09-2023-27-09-2023","status":"publish","type":"post","link":"https:\/\/echoczerska.pl\/?p=1588","title":{"rendered":"Youth Exchange<br \/>&#8222;Dreams Come True&#8221;<br \/>Hohen Pritz, Germany<br \/>17\/09\/2023-27\/09\/2023"},"content":{"rendered":"\n<p><em>[English version below]<\/em><\/p>\n\n\n\n<p>W dniach 17-27 wrze\u015bnia zosta\u0142a przeprowadzona wymiana m\u0142odzie\u017cowa \u201cDreams Come True\u201d w ramach programu Erasmus+. 37 reprezentant\u00f3w r\u00f3\u017cnych pa\u0144stw spotka\u0142o si\u0119 w Kukuk\/Hohen Pritz, aby wsp\u00f3lnie poszerzy\u0107 swoj\u0105 wiedz\u0119. W\u015br\u00f3d uczestnik\u00f3w znalaz\u0142y si\u0119 osoby z mniejszych miejscowo\u015bci, czy obszar\u00f3w oddalonych miast &#8211; biedniejszych i mniej rozwini\u0119tych. Uczestnicy mieli mi\u0119dzy 13 a 30 lat, a zatem mierzyli si\u0119 z kluczowymi momentami \u017cycia m\u0142odego cz\u0142owieka &#8211; uko\u0144czeniem szko\u0142y, studi\u00f3w, czy poszukiwaniem pierwszej pracy. Wielu z nich nie zdo\u0142a\u0142o dosta\u0107 upragnionej posady (nie przeszli pozytywnie rozmowy rekrutacyjnej, nie zdali testu kompetencji, itp.), a wszyscy niepokoili si\u0119 bie\u017c\u0105cym stanem i realiami bezrobocia w Europie. M\u0142odzie\u017c by\u0142a zdeterminowana, aby podnie\u015b\u0107 swoje kompetencje i pokona\u0107 przeszkody, kt\u00f3re wcze\u015bniej uniemo\u017cliwi\u0142y im osi\u0105gni\u0119cie wymarzonych cel\u00f3w &#8211; zar\u00f3wno zawodowych jak i osobistych. Projekt rozwin\u0105\u0142 w\u015br\u00f3d uczestnik\u00f3w umiej\u0119tno\u015b\u0107 krytycznego my\u015blenia oraz ducha przedsi\u0119biorczo\u015bci, co przyczyni\u0142o si\u0119 do poprawy perspektyw ich kariery. M\u0142odzi ludzie reprezentowali pi\u0119\u0107 r\u00f3\u017cnych organizacji partnerskich, dzia\u0142aj\u0105cych w Polsce, Francji, Turcji, Niemczech i we W\u0142oszech. Ka\u017cdy grupa narodowa by\u0142a nadzorowana przez lidera, kt\u00f3ry czuwa\u0142 nad dzia\u0142aniami swojego zespo\u0142u. W zespo\u0142ach narodowych d\u0105\u017cono do zachowania balansu p\u0142ci, dzi\u0119ki czemu podczas prac nad zadaniami grupowymi, uczestnicy wsp\u00f3\u0142pracowali w grupach mieszanych pod wzgl\u0119dem p\u0142ci jak i narodowo\u015bci. Plan aktywno\u015bci zosta\u0142 starannie przemy\u015blany i dostosowany do mo\u017cliwo\u015bci grupy, co zapewni\u0142o efektywn\u0105 prac\u0119. Dzi\u0119ki temu ka\u017cdy z uczestnik\u00f3w m\u00f3g\u0142 bra\u0107 udzia\u0142 w r\u00f3\u017cnorodnych zaj\u0119ciach, dzieli\u0107 si\u0119 swoimi do\u015bwiadczeniami, a zatem przyczynia\u0107 si\u0119 do poszerzenia \u015bwiadomo\u015bci swoich nowych przyjaci\u00f3\u0142 z r\u00f3\u017cnych cz\u0119\u015bci \u015bwiata. Prowadz\u0105cy byli otwarci na propozycje uczestnik\u00f3w &nbsp;dotycz\u0105cych planu wymiany, dzi\u0119ki czemu zosta\u0142 on dopasowany do potrzeb i oczekiwa\u0144 m\u0142odzie\u017cy. Ka\u017cda z pi\u0119ciu organizacji wysy\u0142aj\u0105cych wspomog\u0142a m\u0142odych i ambitnych ludzi, daj\u0105c im mo\u017cliwo\u015b\u0107 uczestnictwa w tak warto\u015bciowej wymianie, kt\u00f3ra niew\u0105tpliwie by\u0142a wa\u017cnym krokiem w ich rozwoju.<\/p>\n\n\n\n<p class=\"has-text-align-right\"><em>Marcelina Ufel &#8211; uczestniczka wymiany<\/em><\/p>\n\n\n\n<figure class=\"wp-block-image size-full is-resized\"><img loading=\"lazy\" decoding=\"async\" src=\"https:\/\/echoczerska.pl\/wp-content\/uploads\/2022\/12\/LOGO-na-strone.png\" alt=\"\" class=\"wp-image-669\" style=\"width:492px;height:83px\" width=\"492\" height=\"83\" srcset=\"https:\/\/echoczerska.pl\/wp-content\/uploads\/2022\/12\/LOGO-na-strone.png 800w, https:\/\/echoczerska.pl\/wp-content\/uploads\/2022\/12\/LOGO-na-strone-300x51.png 300w, https:\/\/echoczerska.pl\/wp-content\/uploads\/2022\/12\/LOGO-na-strone-768x130.png 768w\" sizes=\"auto, (max-width: 492px) 100vw, 492px\" \/><\/figure>\n\n\n\n<p>&#8222;Dreams Come True Erasmus+ Youth Exchange Project&#8221; was held in Kukuk\/Hohen-Pritz between 17-27th of September with 37 participants. Participants in this program included young people from tiny areas with fewer job options or from capital city neighborhoods that were poorer and less developed than the rest of the capital. They were between the ages of 13 and 30 and were about to graduate from high school or university. This placed them at a crossroads in their lives, forcing them to choose between finding work and continuing their education, both of which required them to adjust to new circumstances. Many of them had attempted to get work but had failed to complete the selection process (failed the interview, did not pass the practical exam, etc.), while others were overwhelmed by the employment realities that they had to confront professionally. The young participants had a strong desire to better themselves and overcome obstacles that prevented them from pursuing their desired professions or living happier personal lives. The notion of establishing a youth exchange that fostered their critical competencies as well as their entrepreneurial spirit would boost their career opportunities. Participants came from 5 different partner organizations in Poland, France, Turkey, Italy, and Germany. Young participants from each nation were directed and assisted by one group leader, for a total of 37 young people and six group leaders. The participant group was around half male and half female. Gender balance was strived for, and there was a solid foundation for carrying out group activities (they worked in mixed groups according to their country and gender balance). Gender-specific accommodations were provided. It was vital to note that the timeline was created with adolescent comments and learning requirements in mind. They discussed together, researched the strategy, and the group leaders guided individuals to contribute. The timetable was adjusted several times until it fit the needs and expectations of the participants. The five organizations assisted the young participants, who were the primary players in making the initiative a success.<\/p>\n\n\n\n<p class=\"has-text-align-right\"><em>Marcelina Ufel &#8211; participant of the youth exchange<\/em><\/p>\n\n\n\n<figure class=\"wp-block-image size-large is-resized\"><img loading=\"lazy\" decoding=\"async\" src=\"https:\/\/echoczerska.pl\/wp-content\/uploads\/2022\/12\/eu_co_funded_en-1024x215.jpg\" alt=\"\" class=\"wp-image-726\" style=\"width:493px;height:104px\" width=\"493\" height=\"104\" srcset=\"https:\/\/echoczerska.pl\/wp-content\/uploads\/2022\/12\/eu_co_funded_en-1024x215.jpg 1024w, https:\/\/echoczerska.pl\/wp-content\/uploads\/2022\/12\/eu_co_funded_en-300x63.jpg 300w, https:\/\/echoczerska.pl\/wp-content\/uploads\/2022\/12\/eu_co_funded_en-768x161.jpg 768w, https:\/\/echoczerska.pl\/wp-content\/uploads\/2022\/12\/eu_co_funded_en.jpg 1100w\" sizes=\"auto, (max-width: 493px) 100vw, 493px\" \/><\/figure>\n\n\n\nngg_shortcode_0_placeholder\n","protected":false},"excerpt":{"rendered":"<p>[English version below] W dniach 17-27 wrze\u015bnia zosta\u0142a przeprowadzona wymiana m\u0142odzie\u017cowa \u201cDreams Come True\u201d w ramach programu Erasmus+. 37 reprezentant\u00f3w r\u00f3\u017cnych pa\u0144stw spotka\u0142o si\u0119 w Kukuk\/Hohen Pritz, aby wsp\u00f3lnie poszerzy\u0107 swoj\u0105 wiedz\u0119. W\u015br\u00f3d uczestnik\u00f3w znalaz\u0142y si\u0119 osoby z mniejszych miejscowo\u015bci, czy obszar\u00f3w oddalonych miast &#8211; biedniejszych i mniej rozwini\u0119tych. Uczestnicy mieli mi\u0119dzy 13 a 30&hellip;<\/p>\n","protected":false},"author":1,"featured_media":1604,"comment_status":"open","ping_status":"open","sticky":false,"template":"","format":"standard","meta":{"ngg_post_thumbnail":459,"footnotes":""},"categories":[14,12],"tags":[],"class_list":["post-1588","post","type-post","status-publish","format-standard","has-post-thumbnail","hentry","category-inne","category-zrealizowane","tw-post-no-content","tw-post-has-image-16-9","tw-meta-no-icon"],"_links":{"self":[{"href":"https:\/\/echoczerska.pl\/index.php?rest_route=\/wp\/v2\/posts\/1588","targetHints":{"allow":["GET"]}}],"collection":[{"href":"https:\/\/echoczerska.pl\/index.php?rest_route=\/wp\/v2\/posts"}],"about":[{"href":"https:\/\/echoczerska.pl\/index.php?rest_route=\/wp\/v2\/types\/post"}],"author":[{"embeddable":true,"href":"https:\/\/echoczerska.pl\/index.php?rest_route=\/wp\/v2\/users\/1"}],"replies":[{"embeddable":true,"href":"https:\/\/echoczerska.pl\/index.php?rest_route=%2Fwp%2Fv2%2Fcomments&post=1588"}],"version-history":[{"count":2,"href":"https:\/\/echoczerska.pl\/index.php?rest_route=\/wp\/v2\/posts\/1588\/revisions"}],"predecessor-version":[{"id":1605,"href":"https:\/\/echoczerska.pl\/index.php?rest_route=\/wp\/v2\/posts\/1588\/revisions\/1605"}],"wp:featuredmedia":[{"embeddable":true,"href":"https:\/\/echoczerska.pl\/index.php?rest_route=\/wp\/v2\/media\/1604"}],"wp:attachment":[{"href":"https:\/\/echoczerska.pl\/index.php?rest_route=%2Fwp%2Fv2%2Fmedia&parent=1588"}],"wp:term":[{"taxonomy":"category","embeddable":true,"href":"https:\/\/echoczerska.pl\/index.php?rest_route=%2Fwp%2Fv2%2Fcategories&post=1588"},{"taxonomy":"post_tag","embeddable":true,"href":"https:\/\/echoczerska.pl\/index.php?rest_route=%2Fwp%2Fv2%2Ftags&post=1588"}],"curies":[{"name":"wp","href":"https:\/\/api.w.org\/{rel}","templated":true}]}}