{"id":1625,"date":"2023-11-10T21:35:29","date_gmt":"2023-11-10T20:35:29","guid":{"rendered":"https:\/\/echoczerska.pl\/?p=1625"},"modified":"2024-04-02T16:35:01","modified_gmt":"2024-04-02T14:35:01","slug":"youth-exchangeart-is-a-therapymanisa-turkiye23-10-2023-02-11-2023","status":"publish","type":"post","link":"https:\/\/echoczerska.pl\/?p=1625","title":{"rendered":"Youth Exchange<br \/>\u201eArt is a Therapy\u201d<br \/>Manisa, T\u00fcrkiye<br \/>23\/10\/2023-02\/11\/2023"},"content":{"rendered":"\n<p>W dniach 23.10.-2.11.2023 odby\u0142a si\u0119 wymiana m\u0142odzie\u017cowa Erasmus+ w Manisie. Krajami partnerskimi projektu byli: Turcja (gospodarz), Polska, \u0141otwa, S\u0142owacja, Rumuni i Bu\u0142garia. W trakcie tygodnia intensywnych zaj\u0119\u0107 lepiej poznali\u015bmy swoje kultury, poszerzyli\u015bmy swoje horyzonty i wiele si\u0119 od siebie nauczyli\u015bmy. Starali\u015bmy si\u0119 znale\u017a\u0107 odpowiedzi na nurtuj\u0105ce nas pytania &#8211; pr\u00f3bowali\u015bmy zrozumie\u0107 problemy zwi\u0105zane z g\u0142\u00f3wnym tematem projektu: sztuka jako terapia. Poznali\u015bmy sposoby w jakie mo\u017cna przekazywa\u0107 emocje, na czym polega terapia, robili\u015bmy r\u00f3\u017cnorakie zadania polegaj\u0105ce na zbudowaniu zaufania oraz wi\u0119zi, jak r\u00f3wnie\u017c mieli\u015bmy mo\u017cliwo\u015b\u0107 stworzenia w\u0142asnych grupowych uk\u0142ad\u00f3w tanecznych.<\/p>\n\n\n\n<p>Podczas wieczork\u00f3w kulturowych mieli\u015bmy okazje lepiej pozna\u0107 kraje naszych go\u015bci, spr\u00f3bowa\u0107 ich tradycyjnych potraw i nauczy\u0107 si\u0119 narodowych ta\u0144c\u00f3w. Te kilka dni w mi\u0119dzynarodowym gronie sprawi\u0142o, \u017ce nie tylko poprawili\u015bmy swoje zdolno\u015bci artystyczne, ale pozwoli\u0142o r\u00f3wnie\u017c na dostrze\u017cenie problem\u00f3w jak: r\u00f3\u017cne sposoby radzenia sobie ze stresem i problemami psychicznymi.<\/p>\n\n\n\n<p>Te kilka dni w mi\u0119dzykulturowym gronie pozwoli\u0142o nam na poszerzenie horyzont\u00f3w i poznanie niesamowitych ludzi z kraj\u00f3w UE i nie tylko. Sp\u0119dzili\u015bmy wsp\u00f3lnie wiele czasu odkrywaj\u0105c nasze kultury i wzajemnie poznaj\u0105c siebie. By\u0142a to niezwyk\u0142a przygoda i cieszymy si\u0119, \u017ce mogli\u015bmy wzi\u0105\u0107 udzia\u0142 w tej wymianie m\u0142odzie\u017cowej.<\/p>\n\n\n\n<p class=\"has-text-align-right\"><em>Maciej Gacek &#8211; lider polskiej grupy<\/em><\/p>\n\n\n\n<figure class=\"wp-block-image size-full is-resized\"><img loading=\"lazy\" decoding=\"async\" width=\"800\" height=\"135\" src=\"https:\/\/echoczerska.pl\/wp-content\/uploads\/2022\/12\/LOGO-na-strone.png\" alt=\"\" class=\"wp-image-669\" style=\"width:524px;height:auto\" srcset=\"https:\/\/echoczerska.pl\/wp-content\/uploads\/2022\/12\/LOGO-na-strone.png 800w, https:\/\/echoczerska.pl\/wp-content\/uploads\/2022\/12\/LOGO-na-strone-300x51.png 300w, https:\/\/echoczerska.pl\/wp-content\/uploads\/2022\/12\/LOGO-na-strone-768x130.png 768w\" sizes=\"auto, (max-width: 800px) 100vw, 800px\" \/><\/figure>\n\n\n\nngg_shortcode_0_placeholder\n","protected":false},"excerpt":{"rendered":"<p>W dniach 23.10.-2.11.2023 odby\u0142a si\u0119 wymiana m\u0142odzie\u017cowa Erasmus+ w Manisie. Krajami partnerskimi projektu byli: Turcja (gospodarz), Polska, \u0141otwa, S\u0142owacja, Rumuni i Bu\u0142garia. W trakcie tygodnia intensywnych zaj\u0119\u0107 lepiej poznali\u015bmy swoje kultury, poszerzyli\u015bmy swoje horyzonty i wiele si\u0119 od siebie nauczyli\u015bmy. Starali\u015bmy si\u0119 znale\u017a\u0107 odpowiedzi na nurtuj\u0105ce nas pytania &#8211; pr\u00f3bowali\u015bmy zrozumie\u0107 problemy zwi\u0105zane z g\u0142\u00f3wnym&hellip;<\/p>\n","protected":false},"author":1,"featured_media":1639,"comment_status":"open","ping_status":"open","sticky":false,"template":"","format":"standard","meta":{"ngg_post_thumbnail":490,"footnotes":""},"categories":[14,12],"tags":[],"class_list":["post-1625","post","type-post","status-publish","format-standard","has-post-thumbnail","hentry","category-inne","category-zrealizowane","tw-post-no-content","tw-post-has-image-16-9","tw-meta-no-icon"],"_links":{"self":[{"href":"https:\/\/echoczerska.pl\/index.php?rest_route=\/wp\/v2\/posts\/1625","targetHints":{"allow":["GET"]}}],"collection":[{"href":"https:\/\/echoczerska.pl\/index.php?rest_route=\/wp\/v2\/posts"}],"about":[{"href":"https:\/\/echoczerska.pl\/index.php?rest_route=\/wp\/v2\/types\/post"}],"author":[{"embeddable":true,"href":"https:\/\/echoczerska.pl\/index.php?rest_route=\/wp\/v2\/users\/1"}],"replies":[{"embeddable":true,"href":"https:\/\/echoczerska.pl\/index.php?rest_route=%2Fwp%2Fv2%2Fcomments&post=1625"}],"version-history":[{"count":3,"href":"https:\/\/echoczerska.pl\/index.php?rest_route=\/wp\/v2\/posts\/1625\/revisions"}],"predecessor-version":[{"id":1655,"href":"https:\/\/echoczerska.pl\/index.php?rest_route=\/wp\/v2\/posts\/1625\/revisions\/1655"}],"wp:featuredmedia":[{"embeddable":true,"href":"https:\/\/echoczerska.pl\/index.php?rest_route=\/wp\/v2\/media\/1639"}],"wp:attachment":[{"href":"https:\/\/echoczerska.pl\/index.php?rest_route=%2Fwp%2Fv2%2Fmedia&parent=1625"}],"wp:term":[{"taxonomy":"category","embeddable":true,"href":"https:\/\/echoczerska.pl\/index.php?rest_route=%2Fwp%2Fv2%2Fcategories&post=1625"},{"taxonomy":"post_tag","embeddable":true,"href":"https:\/\/echoczerska.pl\/index.php?rest_route=%2Fwp%2Fv2%2Ftags&post=1625"}],"curies":[{"name":"wp","href":"https:\/\/api.w.org\/{rel}","templated":true}]}}