{"id":1708,"date":"2024-05-17T10:25:19","date_gmt":"2024-05-17T08:25:19","guid":{"rendered":"https:\/\/echoczerska.pl\/?p=1708"},"modified":"2024-09-06T11:43:42","modified_gmt":"2024-09-06T09:43:42","slug":"youth-exchangebr-euroyouthvoicebr-sigulda-latviabr-02-05-10-05-2024","status":"publish","type":"post","link":"https:\/\/echoczerska.pl\/?p=1708","title":{"rendered":"Youth Exchange<br \/>&#8222;EuroYouthVoice&#8221;<br \/>Sigulda, Latvia<br \/>02\/05\/2024-10\/05\/2024"},"content":{"rendered":"\n<p>W dniach 02-10.05.2024 m\u0142odzie\u017c z Polski wraz z przedstawicielami z Francji, \u0141otwy, Hiszpanii, Rumunii, W\u0142och, Bu\u0142garii i S\u0142owacji uczestniczy\u0142a w wymianie m\u0142odzie\u017cowej\u00a0EuroYouthVoice w Siguldzie na \u0141otwie. Celami projektu by\u0142o: zaanga\u017cowanie m\u0142odych ludzi w tematyk\u0119 wybor\u00f3w do Europarlamentu,\u00a0 zainteresowanie procesami obywatelskimi i demokratycznymi, czy zach\u0119cenie do udzia\u0142u w wyborach. W ramach projektu stworzyli\u015bmy profil na Instagramie, gdzie przybli\u017camy te wybory i zach\u0119camy do uczestnictwa w nich:\u00a0\u00a0<\/p>\n\n\n\n<p><a href=\"https:\/\/www.instagram.com\/your_voice_eu?igsh=YzBqMnZranVwNw%3D%3D\">Your Voice &#8211; Your Choice &#8211; Your Europe \ud83c\uddea\ud83c\uddfa (@your_voice_eu) \u2022 Zdj\u0119cia i filmy na Instagramie<\/a><\/p>\n\n\n\n<p>Podczas projektu nie zabrak\u0142o wielu interesuj\u0105cych aktywno\u015bci. Jedn\u0105\u00a0z nich by\u0142a debata, gdzie pracowali\u015bmy wsp\u00f3lnie nad projektem maj\u0105cym na celu wprowadzenie zmian w prawie w ich kraju. Uczestnicy reprezentowali kraje europejskie. W trakcie przygotowa\u0144 uczestnicy negocjowali warunki i pod nadzorem komisji\u00a0wsp\u00f3lnie g\u0142osowali za wprowadzeniem nowego prawa. Podczas wyjazdu m\u00f3wili\u015bmy r\u00f3wnie\u017c o sytuacji wyborczej i politycznej w naszym kraju, czy uczestniczyli\u015bmy\u00a0w kreatywnym i inspiruj\u0105cym wieczorze mi\u0119dzynarodowym. Podczas niego mogli\u015bmy zata\u0144czy\u0107 flamenco, zobaczy\u0107 narodowe ta\u0144ce i \u015bpiewy z Gwadelupy, pos\u0142ucha\u0107 \u0142otewskiego rapu, czy pocz\u0119stowa\u0107 innych ulepionymi\u00a0przez nasz zesp\u00f3\u0142 pierogami.<\/p>\n\n\n\n<p>Serdecznie zach\u0119camy do uczestnictwa w tego rodzaju aktywno\u015bci i poznawania innych kraj\u00f3w poprzez wsp\u00f3lne aktywne i inspiruj\u0105ce zadania.&nbsp;<\/p>\n\n\n\n<p class=\"has-text-align-right\"><em>Polski zesp\u00f3\u0142: <\/em><\/p>\n\n\n\n<p class=\"has-text-align-right\"><em>Agata (lider), Gabrysia, Maks, Ania, Micha\u0142, Mateusz, Ignacy i Dagmara<\/em>.<\/p>\n\n\n\n<figure class=\"wp-block-image size-full is-resized\"><img loading=\"lazy\" decoding=\"async\" width=\"800\" height=\"135\" src=\"https:\/\/echoczerska.pl\/wp-content\/uploads\/2022\/12\/LOGO-na-strone.png\" alt=\"\" class=\"wp-image-669\" style=\"width:536px;height:auto\" srcset=\"https:\/\/echoczerska.pl\/wp-content\/uploads\/2022\/12\/LOGO-na-strone.png 800w, https:\/\/echoczerska.pl\/wp-content\/uploads\/2022\/12\/LOGO-na-strone-300x51.png 300w, https:\/\/echoczerska.pl\/wp-content\/uploads\/2022\/12\/LOGO-na-strone-768x130.png 768w\" sizes=\"auto, (max-width: 800px) 100vw, 800px\" \/><\/figure>\n\n\n\nngg_shortcode_0_placeholder\n","protected":false},"excerpt":{"rendered":"<p>W dniach 02-10.05.2024 m\u0142odzie\u017c z Polski wraz z przedstawicielami z Francji, \u0141otwy, Hiszpanii, Rumunii, W\u0142och, Bu\u0142garii i S\u0142owacji uczestniczy\u0142a w wymianie m\u0142odzie\u017cowej\u00a0EuroYouthVoice w Siguldzie na \u0141otwie. Celami projektu by\u0142o: zaanga\u017cowanie m\u0142odych ludzi w tematyk\u0119 wybor\u00f3w do Europarlamentu,\u00a0 zainteresowanie procesami obywatelskimi i demokratycznymi, czy zach\u0119cenie do udzia\u0142u w wyborach. W ramach projektu stworzyli\u015bmy profil na Instagramie,&hellip;<\/p>\n","protected":false},"author":1,"featured_media":1723,"comment_status":"open","ping_status":"open","sticky":false,"template":"","format":"standard","meta":{"ngg_post_thumbnail":527,"footnotes":""},"categories":[14,12],"tags":[],"class_list":["post-1708","post","type-post","status-publish","format-standard","has-post-thumbnail","hentry","category-inne","category-zrealizowane","tw-post-no-content","tw-post-has-image-16-9","tw-meta-no-icon"],"_links":{"self":[{"href":"https:\/\/echoczerska.pl\/index.php?rest_route=\/wp\/v2\/posts\/1708","targetHints":{"allow":["GET"]}}],"collection":[{"href":"https:\/\/echoczerska.pl\/index.php?rest_route=\/wp\/v2\/posts"}],"about":[{"href":"https:\/\/echoczerska.pl\/index.php?rest_route=\/wp\/v2\/types\/post"}],"author":[{"embeddable":true,"href":"https:\/\/echoczerska.pl\/index.php?rest_route=\/wp\/v2\/users\/1"}],"replies":[{"embeddable":true,"href":"https:\/\/echoczerska.pl\/index.php?rest_route=%2Fwp%2Fv2%2Fcomments&post=1708"}],"version-history":[{"count":3,"href":"https:\/\/echoczerska.pl\/index.php?rest_route=\/wp\/v2\/posts\/1708\/revisions"}],"predecessor-version":[{"id":1865,"href":"https:\/\/echoczerska.pl\/index.php?rest_route=\/wp\/v2\/posts\/1708\/revisions\/1865"}],"wp:featuredmedia":[{"embeddable":true,"href":"https:\/\/echoczerska.pl\/index.php?rest_route=\/wp\/v2\/media\/1723"}],"wp:attachment":[{"href":"https:\/\/echoczerska.pl\/index.php?rest_route=%2Fwp%2Fv2%2Fmedia&parent=1708"}],"wp:term":[{"taxonomy":"category","embeddable":true,"href":"https:\/\/echoczerska.pl\/index.php?rest_route=%2Fwp%2Fv2%2Fcategories&post=1708"},{"taxonomy":"post_tag","embeddable":true,"href":"https:\/\/echoczerska.pl\/index.php?rest_route=%2Fwp%2Fv2%2Ftags&post=1708"}],"curies":[{"name":"wp","href":"https:\/\/api.w.org\/{rel}","templated":true}]}}