{"id":1767,"date":"2024-08-20T06:44:44","date_gmt":"2024-08-20T04:44:44","guid":{"rendered":"https:\/\/echoczerska.pl\/?p=1767"},"modified":"2024-08-20T06:44:44","modified_gmt":"2024-08-20T04:44:44","slug":"training-coursebe-the-light-with-empathyalcobendas-spain28-07-2024-03-08-2024","status":"publish","type":"post","link":"https:\/\/echoczerska.pl\/?p=1767","title":{"rendered":"Training Course<br\/>&#8222;Be the Light with Empathy&#8221;<br\/>Alcobendas, Spain<br\/>28\/07\/2024-03\/08\/2024"},"content":{"rendered":"\n<p>W dniach 28 lipca &#8211; 3 sierpnia 2024 roku w Madrycie odby\u0142 si\u0119 wyj\u0105tkowy projekt w ramach programu Erasmus+, kt\u00f3ry skupi\u0142 si\u0119 na wspieraniu, pracy oraz sposobach rozmowy z osobami z niepe\u0142nosprawno\u015bciami zwi\u0105zanymi ze wzrokiem. W wydarzeniu wzi\u0119li udzia\u0142 uczestnicy z Polski, Hiszpanii, \u0141otwy, Turcji, Czech, Ukrainy i Macedonii, kt\u00f3rzy wsp\u00f3lnie uczyli si\u0119, jak lepiej rozumie\u0107 potrzeby os\u00f3b z problemami wzroku i jak skutecznie z nimi pracowa\u0107<\/p>\n\n\n\n<p>Podczas tygodniowego szkolenia uczestnicy zag\u0142\u0119bili si\u0119 w tematyk\u0119 chor\u00f3b, kt\u00f3re maj\u0105 wp\u0142yw na zdolno\u015b\u0107 widzenia takie jak za\u0107ma, jaskra, AMD, kr\u00f3tkowzroczno\u015b\u0107.<\/p>\n\n\n\n<p>&nbsp;&nbsp;&nbsp;&nbsp; Jednym z kluczowych element\u00f3w projektu by\u0142a nauka podstaw j\u0119zyka Braille&#8217;a. Uczestnicy mieli okazj\u0119 pozna\u0107 alfabet Braille&#8217;a oraz techniki pisania i czytania w tym systemie. By\u0142o to nie tylko teoretyczne wprowadzenie, ale tak\u017ce praktyczne \u0107wiczenia, kt\u00f3re pozwoli\u0142y uczestnikom lepiej zrozumie\u0107, z jakimi wyzwaniami na co dzie\u0144 spotykaj\u0105 si\u0119 osoby niewidome i niedowidz\u0105ce.<\/p>\n\n\n\n<p>&nbsp;&nbsp;&nbsp;&nbsp; Szkolenie \u201eBe The Light with Empathy\u201d w Madrycie nie ogranicza\u0142o si\u0119 jedynie do wyk\u0142ad\u00f3w i warsztat\u00f3w. Organizatorzy projektu zadbali o to, aby nauka by\u0142a po\u0142\u0105czona z zabaw\u0105. Uczestnicy brali udzia\u0142 w r\u00f3\u017cnych aktywno\u015bciach integracyjnych, kt\u00f3re sprzyja\u0142y wymianie do\u015bwiadcze\u0144 oraz pog\u0142\u0119bianiu wsp\u00f3\u0142pracy mi\u0119dzynarodowej. Dzi\u0119ki temu projekt nie tylko dostarczy\u0142 cennych informacji i umiej\u0119tno\u015bci, ale tak\u017ce zintegrowa\u0142 uczestnik\u00f3w, co z pewno\u015bci\u0105 zaowocuje w przysz\u0142o\u015bci nowymi inicjatywami na rzecz os\u00f3b z niepe\u0142nosprawno\u015bciami wzrokowymi.<\/p>\n\n\n\n<figure class=\"wp-block-image size-full is-resized\"><img loading=\"lazy\" decoding=\"async\" width=\"800\" height=\"135\" src=\"https:\/\/echoczerska.pl\/wp-content\/uploads\/2022\/12\/LOGO-na-strone.png\" alt=\"\" class=\"wp-image-669\" style=\"width:520px;height:auto\" srcset=\"https:\/\/echoczerska.pl\/wp-content\/uploads\/2022\/12\/LOGO-na-strone.png 800w, https:\/\/echoczerska.pl\/wp-content\/uploads\/2022\/12\/LOGO-na-strone-300x51.png 300w, https:\/\/echoczerska.pl\/wp-content\/uploads\/2022\/12\/LOGO-na-strone-768x130.png 768w\" sizes=\"auto, (max-width: 800px) 100vw, 800px\" \/><\/figure>\n\n\n\nngg_shortcode_0_placeholder\n","protected":false},"excerpt":{"rendered":"<p>W dniach 28 lipca &#8211; 3 sierpnia 2024 roku w Madrycie odby\u0142 si\u0119 wyj\u0105tkowy projekt w ramach programu Erasmus+, kt\u00f3ry skupi\u0142 si\u0119 na wspieraniu, pracy oraz sposobach rozmowy z osobami z niepe\u0142nosprawno\u015bciami zwi\u0105zanymi ze wzrokiem. W wydarzeniu wzi\u0119li udzia\u0142 uczestnicy z Polski, Hiszpanii, \u0141otwy, Turcji, Czech, Ukrainy i Macedonii, kt\u00f3rzy wsp\u00f3lnie uczyli si\u0119, jak lepiej&hellip;<\/p>\n","protected":false},"author":1,"featured_media":1779,"comment_status":"open","ping_status":"open","sticky":false,"template":"","format":"standard","meta":{"ngg_post_thumbnail":557,"footnotes":""},"categories":[14,12],"tags":[],"class_list":["post-1767","post","type-post","status-publish","format-standard","has-post-thumbnail","hentry","category-inne","category-zrealizowane","tw-post-no-content","tw-post-has-image-16-9","tw-meta-no-icon"],"_links":{"self":[{"href":"https:\/\/echoczerska.pl\/index.php?rest_route=\/wp\/v2\/posts\/1767","targetHints":{"allow":["GET"]}}],"collection":[{"href":"https:\/\/echoczerska.pl\/index.php?rest_route=\/wp\/v2\/posts"}],"about":[{"href":"https:\/\/echoczerska.pl\/index.php?rest_route=\/wp\/v2\/types\/post"}],"author":[{"embeddable":true,"href":"https:\/\/echoczerska.pl\/index.php?rest_route=\/wp\/v2\/users\/1"}],"replies":[{"embeddable":true,"href":"https:\/\/echoczerska.pl\/index.php?rest_route=%2Fwp%2Fv2%2Fcomments&post=1767"}],"version-history":[{"count":2,"href":"https:\/\/echoczerska.pl\/index.php?rest_route=\/wp\/v2\/posts\/1767\/revisions"}],"predecessor-version":[{"id":1781,"href":"https:\/\/echoczerska.pl\/index.php?rest_route=\/wp\/v2\/posts\/1767\/revisions\/1781"}],"wp:featuredmedia":[{"embeddable":true,"href":"https:\/\/echoczerska.pl\/index.php?rest_route=\/wp\/v2\/media\/1779"}],"wp:attachment":[{"href":"https:\/\/echoczerska.pl\/index.php?rest_route=%2Fwp%2Fv2%2Fmedia&parent=1767"}],"wp:term":[{"taxonomy":"category","embeddable":true,"href":"https:\/\/echoczerska.pl\/index.php?rest_route=%2Fwp%2Fv2%2Fcategories&post=1767"},{"taxonomy":"post_tag","embeddable":true,"href":"https:\/\/echoczerska.pl\/index.php?rest_route=%2Fwp%2Fv2%2Ftags&post=1767"}],"curies":[{"name":"wp","href":"https:\/\/api.w.org\/{rel}","templated":true}]}}