{"id":1866,"date":"2024-07-09T11:43:54","date_gmt":"2024-07-09T09:43:54","guid":{"rendered":"https:\/\/echoczerska.pl\/?p=1866"},"modified":"2024-09-06T12:03:17","modified_gmt":"2024-09-06T10:03:17","slug":"youth-exchangelets-get-greeneragrigento-italy17-06-2024-25-06-2024","status":"publish","type":"post","link":"https:\/\/echoczerska.pl\/?p=1866","title":{"rendered":"Youth Exchange<br\/>&#8222;Let&#8217;s Get Greener&#8221;<br\/>Agrigento, Italy<br\/>17\/06\/2024-25\/06\/2024"},"content":{"rendered":"\n<p>Od 17 do 25 czerwca 2024 roku w Agrigento we W\u0142oszech odby\u0142a si\u0119 wymiana m\u0142odzie\u017cy Erasmus+ pod nazw\u0105 \u201eLet\u2019s Get Greener\u201d. Projekt zgromadzi\u0142 m\u0142odych ludzi z ca\u0142ej Europy, aby promowa\u0107 edukacj\u0119 ekologiczn\u0105 i zr\u00f3wnowa\u017cony rozw\u00f3j. Organizowany przez Euro-Mediterranean Association of Exchanges Volunteers Events (EUROMED EVE) we W\u0142oszech, projekt by\u0142 inspiruj\u0105cym do\u015bwiadczeniem, kt\u00f3re zmotywowa\u0142o uczestnik\u00f3w do dzia\u0142a\u0144 przeciwko zmianom klimatycznym.<\/p>\n\n\n\n<h4 class=\"wp-block-heading\">Tydzie\u0144 \u015awiadomo\u015bci Ekologicznej<\/h4>\n\n\n\n<p>W ci\u0105gu o\u015bmiu dni uczestnicy z W\u0142och, Grecji, Rumunii, Chorwacji, Hiszpanii, Turcji i Polski brali udzia\u0142 w warsztatach, dyskusjach i dzia\u0142aniach praktycznych, koncentruj\u0105c si\u0119 na zr\u00f3wnowa\u017conym rozwoju. Poprzez edukacj\u0119 pozaformaln\u0105, uczestnicy zg\u0142\u0119biali wp\u0142yw dzia\u0142alno\u015bci cz\u0142owieka na \u015brodowisko oraz uczyli si\u0119, jak ich dzia\u0142ania mog\u0105 przyczyni\u0107 si\u0119 do ochrony \u015brodowiska.<\/p>\n\n\n\n<h4 class=\"wp-block-heading\">Kluczowe Wydarzenia<\/h4>\n\n\n\n<p>1.\u2060 <em>Warsztaty i Praca Grupowa:<\/em> Codzienne sesje dotyczy\u0142y edukacji ekologicznej, zr\u00f3wnowa\u017conego rozwoju i kreatywnego rozwi\u0105zywania problem\u00f3w.<\/p>\n\n\n\n<p>2.\u2060 <em>Wymiana Kulturowa:<\/em> Wieczory po\u015bwi\u0119cono prezentacjom kulturowym, co sprzyja\u0142o wzajemnemu zrozumieniu.<\/p>\n\n\n\n<p>3.\u2060 <em>Zaanga\u017cowanie Spo\u0142eczno\u015bci:<\/em> Uczestnicy brali udzia\u0142 w lokalnych dzia\u0142aniach ekologicznych, jak sprz\u0105tanie, stosuj\u0105c zdobyt\u0105 wiedz\u0119 w praktyce.<\/p>\n\n\n\n<p>4.\u2060 <em>Rozw\u00f3j Przyw\u00f3dztwa:<\/em> M\u0142odzi liderzy wzmocnili swoje umiej\u0119tno\u015bci, prowadz\u0105c grupy i wspieraj\u0105c dzia\u0142ania.<\/p>\n\n\n\n<h4 class=\"wp-block-heading\">Wp\u0142yw i Przysz\u0142o\u015b\u0107<\/h4>\n\n\n\n<p>Projekt \u201eLet\u2019s Get Greener\u201d znacz\u0105co wp\u0142yn\u0105\u0142 na uczestnik\u00f3w, zwi\u0119kszaj\u0105c ich \u015bwiadomo\u015b\u0107 ekologiczn\u0105 i motywuj\u0105c do dalszych dzia\u0142a\u0144 na rzecz zr\u00f3wnowa\u017conego rozwoju. Wymiana zbudowa\u0142a trwa\u0142e relacje, otwieraj\u0105c drog\u0119 do przysz\u0142ych wsp\u00f3lnych projekt\u00f3w. EUROMED EVE planuje kolejne inicjatywy, kt\u00f3re b\u0119d\u0105 inspirowa\u0107 m\u0142odych ludzi do tworzenia lepszej przysz\u0142o\u015bci.<\/p>\n\n\n\n<p>\u015aled\u017a nas na mediach spo\u0142eczno\u015bciowych i odwiedzaj nasz\u0105 stron\u0119, aby uzyska\u0107 wi\u0119cej informacji o przysz\u0142ych projektach.<\/p>\n\n\n\n<p class=\"has-text-align-right\"><em>Piotr &#8211; uczestnik wymiany<\/em><\/p>\n\n\n\n<figure class=\"wp-block-image size-full is-resized\"><img loading=\"lazy\" decoding=\"async\" width=\"800\" height=\"135\" src=\"https:\/\/echoczerska.pl\/wp-content\/uploads\/2022\/12\/LOGO-na-strone.png\" alt=\"\" class=\"wp-image-669\" style=\"width:513px;height:auto\" srcset=\"https:\/\/echoczerska.pl\/wp-content\/uploads\/2022\/12\/LOGO-na-strone.png 800w, https:\/\/echoczerska.pl\/wp-content\/uploads\/2022\/12\/LOGO-na-strone-300x51.png 300w, https:\/\/echoczerska.pl\/wp-content\/uploads\/2022\/12\/LOGO-na-strone-768x130.png 768w\" sizes=\"auto, (max-width: 800px) 100vw, 800px\" \/><\/figure>\n\n\n\nngg_shortcode_0_placeholder\n","protected":false},"excerpt":{"rendered":"<p>Od 17 do 25 czerwca 2024 roku w Agrigento we W\u0142oszech odby\u0142a si\u0119 wymiana m\u0142odzie\u017cy Erasmus+ pod nazw\u0105 \u201eLet\u2019s Get Greener\u201d. Projekt zgromadzi\u0142 m\u0142odych ludzi z ca\u0142ej Europy, aby promowa\u0107 edukacj\u0119 ekologiczn\u0105 i zr\u00f3wnowa\u017cony rozw\u00f3j. Organizowany przez Euro-Mediterranean Association of Exchanges Volunteers Events (EUROMED EVE) we W\u0142oszech, projekt by\u0142 inspiruj\u0105cym do\u015bwiadczeniem, kt\u00f3re zmotywowa\u0142o uczestnik\u00f3w do&hellip;<\/p>\n","protected":false},"author":1,"featured_media":1882,"comment_status":"open","ping_status":"open","sticky":false,"template":"","format":"standard","meta":{"ngg_post_thumbnail":619,"footnotes":""},"categories":[14,12],"tags":[],"class_list":["post-1866","post","type-post","status-publish","format-standard","has-post-thumbnail","hentry","category-inne","category-zrealizowane","tw-post-no-content","tw-post-has-image-16-9","tw-meta-no-icon"],"_links":{"self":[{"href":"https:\/\/echoczerska.pl\/index.php?rest_route=\/wp\/v2\/posts\/1866","targetHints":{"allow":["GET"]}}],"collection":[{"href":"https:\/\/echoczerska.pl\/index.php?rest_route=\/wp\/v2\/posts"}],"about":[{"href":"https:\/\/echoczerska.pl\/index.php?rest_route=\/wp\/v2\/types\/post"}],"author":[{"embeddable":true,"href":"https:\/\/echoczerska.pl\/index.php?rest_route=\/wp\/v2\/users\/1"}],"replies":[{"embeddable":true,"href":"https:\/\/echoczerska.pl\/index.php?rest_route=%2Fwp%2Fv2%2Fcomments&post=1866"}],"version-history":[{"count":2,"href":"https:\/\/echoczerska.pl\/index.php?rest_route=\/wp\/v2\/posts\/1866\/revisions"}],"predecessor-version":[{"id":1884,"href":"https:\/\/echoczerska.pl\/index.php?rest_route=\/wp\/v2\/posts\/1866\/revisions\/1884"}],"wp:featuredmedia":[{"embeddable":true,"href":"https:\/\/echoczerska.pl\/index.php?rest_route=\/wp\/v2\/media\/1882"}],"wp:attachment":[{"href":"https:\/\/echoczerska.pl\/index.php?rest_route=%2Fwp%2Fv2%2Fmedia&parent=1866"}],"wp:term":[{"taxonomy":"category","embeddable":true,"href":"https:\/\/echoczerska.pl\/index.php?rest_route=%2Fwp%2Fv2%2Fcategories&post=1866"},{"taxonomy":"post_tag","embeddable":true,"href":"https:\/\/echoczerska.pl\/index.php?rest_route=%2Fwp%2Fv2%2Ftags&post=1866"}],"curies":[{"name":"wp","href":"https:\/\/api.w.org\/{rel}","templated":true}]}}