{"id":1908,"date":"2024-03-22T16:41:56","date_gmt":"2024-03-22T15:41:56","guid":{"rendered":"https:\/\/echoczerska.pl\/?p=1908"},"modified":"2025-09-21T15:19:49","modified_gmt":"2025-09-21T13:19:49","slug":"happening-nowall-about-leadershipmurzasichle-poland","status":"publish","type":"post","link":"https:\/\/echoczerska.pl\/?p=1908","title":{"rendered":"Happening now:<br\/>&#8222;All About Leadership&#8221;<br\/>Murzasichle, Poland"},"content":{"rendered":"\n<p>\ud83d\ude0d Z przyjemno\u015bci\u0105 przedstawiamy nasz polski zesp\u00f3\u0142 na wymianie m\u0142odzie\u017cy \u201eAll About Leadership\u201d! \ud83c\uddf5\ud83c\uddf1 M\u0142odzi liderzy Agata, Maja, Kinga, Filip, Natalia wraz z liderami grupy Wies\u0142awem i Olg\u0105 zaprezentowali Polsk\u0119 podczas pierwszego wieczoru mi\u0119dzykulturowego. \ud83c\udfd4 Uczestnicy projektu mieli okazj\u0119 spr\u00f3bowa\u0107 typowych przek\u0105sek naszego kraju, pota\u0144czy\u0107 i wzi\u0105\u0107 udzia\u0142 w quizie \ud83e\udd5f\ud83d\udc83\ud83d\udd7a\ud83c\udffb<\/p>\n\n\n\n<p>Projekt jest koordynowany przez EUROMED EVE POLSKA! \ud83c\uddf5\ud83c\uddf1<\/p>\n\n\n\n<p>#cofundedbytheeuropeanunion #youthexchange #allaboutleadership #nonformaleducation<\/p>\n\n\n\n<figure class=\"wp-block-image size-full is-resized\"><img loading=\"lazy\" decoding=\"async\" width=\"800\" height=\"135\" src=\"https:\/\/echoczerska.pl\/wp-content\/uploads\/2022\/12\/LOGO-na-strone.png\" alt=\"\" class=\"wp-image-669\" style=\"width:556px;height:auto\" srcset=\"https:\/\/echoczerska.pl\/wp-content\/uploads\/2022\/12\/LOGO-na-strone.png 800w, https:\/\/echoczerska.pl\/wp-content\/uploads\/2022\/12\/LOGO-na-strone-300x51.png 300w, https:\/\/echoczerska.pl\/wp-content\/uploads\/2022\/12\/LOGO-na-strone-768x130.png 768w\" sizes=\"auto, (max-width: 800px) 100vw, 800px\" \/><\/figure>\n\n\n\nngg_shortcode_0_placeholder\n","protected":false},"excerpt":{"rendered":"<p>\ud83d\ude0d Z przyjemno\u015bci\u0105 przedstawiamy nasz polski zesp\u00f3\u0142 na wymianie m\u0142odzie\u017cy \u201eAll About Leadership\u201d! \ud83c\uddf5\ud83c\uddf1 M\u0142odzi liderzy Agata, Maja, Kinga, Filip, Natalia wraz z liderami grupy Wies\u0142awem i Olg\u0105 zaprezentowali Polsk\u0119 podczas pierwszego wieczoru mi\u0119dzykulturowego. \ud83c\udfd4 Uczestnicy projektu mieli okazj\u0119 spr\u00f3bowa\u0107 typowych przek\u0105sek naszego kraju, pota\u0144czy\u0107 i wzi\u0105\u0107 udzia\u0142 w quizie \ud83e\udd5f\ud83d\udc83\ud83d\udd7a\ud83c\udffb Projekt jest koordynowany przez&hellip;<\/p>\n","protected":false},"author":1,"featured_media":1915,"comment_status":"open","ping_status":"open","sticky":false,"template":"","format":"standard","meta":{"ngg_post_thumbnail":650,"footnotes":""},"categories":[36,7,26],"tags":[],"class_list":["post-1908","post","type-post","status-publish","format-standard","has-post-thumbnail","hentry","category-36","category-euromed","category-ye-all-about-leadership","tw-post-no-content","tw-post-has-image-16-9","tw-meta-no-icon"],"_links":{"self":[{"href":"https:\/\/echoczerska.pl\/index.php?rest_route=\/wp\/v2\/posts\/1908","targetHints":{"allow":["GET"]}}],"collection":[{"href":"https:\/\/echoczerska.pl\/index.php?rest_route=\/wp\/v2\/posts"}],"about":[{"href":"https:\/\/echoczerska.pl\/index.php?rest_route=\/wp\/v2\/types\/post"}],"author":[{"embeddable":true,"href":"https:\/\/echoczerska.pl\/index.php?rest_route=\/wp\/v2\/users\/1"}],"replies":[{"embeddable":true,"href":"https:\/\/echoczerska.pl\/index.php?rest_route=%2Fwp%2Fv2%2Fcomments&post=1908"}],"version-history":[{"count":3,"href":"https:\/\/echoczerska.pl\/index.php?rest_route=\/wp\/v2\/posts\/1908\/revisions"}],"predecessor-version":[{"id":1969,"href":"https:\/\/echoczerska.pl\/index.php?rest_route=\/wp\/v2\/posts\/1908\/revisions\/1969"}],"wp:featuredmedia":[{"embeddable":true,"href":"https:\/\/echoczerska.pl\/index.php?rest_route=\/wp\/v2\/media\/1915"}],"wp:attachment":[{"href":"https:\/\/echoczerska.pl\/index.php?rest_route=%2Fwp%2Fv2%2Fmedia&parent=1908"}],"wp:term":[{"taxonomy":"category","embeddable":true,"href":"https:\/\/echoczerska.pl\/index.php?rest_route=%2Fwp%2Fv2%2Fcategories&post=1908"},{"taxonomy":"post_tag","embeddable":true,"href":"https:\/\/echoczerska.pl\/index.php?rest_route=%2Fwp%2Fv2%2Ftags&post=1908"}],"curies":[{"name":"wp","href":"https:\/\/api.w.org\/{rel}","templated":true}]}}