{"id":1917,"date":"2024-05-14T16:44:43","date_gmt":"2024-05-14T14:44:43","guid":{"rendered":"https:\/\/echoczerska.pl\/?p=1917"},"modified":"2025-09-21T15:19:37","modified_gmt":"2025-09-21T13:19:37","slug":"sharing-the-experience-all-about-leadership","status":"publish","type":"post","link":"https:\/\/echoczerska.pl\/?p=1917","title":{"rendered":"Sharing the experience: All About Leadership"},"content":{"rendered":"\n<p>Filip, kt\u00f3ry wzi\u0105\u0142 udzia\u0142 w Wymianie M\u0142odzie\u017cy \u201eAll About Leadership\u201d w Murzasichle, w Polsce, od 18.03.2024 do 29.03.2024, podzieli\u0142 si\u0119 swoimi do\u015bwiadczeniami z r\u00f3wie\u015bnikami! Wymiany M\u0142odzie\u017cy Erasmus+ to doskona\u0142a okazja do rozwijania nowych umiej\u0119tno\u015bci, budowania mi\u0119dzynarodowych przyja\u017ani oraz rozwijania umiej\u0119tno\u015bci przyw\u00f3dczych i \u015bwiadomo\u015bci kulturowej. Prezentacja Filipa zainspirowa\u0142a jego koleg\u00f3w do rozwa\u017cenia udzia\u0142u w podobnych programach w przysz\u0142o\u015bci.<\/p>\n\n\n\n<p>Projekt jest wsp\u00f3\u0142finansowany przez Uni\u0119 Europejsk\u0105 \ud83c\uddea\ud83c\uddfa i organizowany przez EUROMED EVE POLSKA<\/p>\n\n\n\n<p>#cofundedbytheeuropeanunion #youthexchange #allaboutleadership #nonformaleducation<\/p>\n\n\n\n<figure class=\"wp-block-image size-full is-resized\"><img loading=\"lazy\" decoding=\"async\" width=\"800\" height=\"135\" src=\"https:\/\/echoczerska.pl\/wp-content\/uploads\/2022\/12\/LOGO-na-strone.png\" alt=\"\" class=\"wp-image-669\" style=\"width:507px;height:auto\" srcset=\"https:\/\/echoczerska.pl\/wp-content\/uploads\/2022\/12\/LOGO-na-strone.png 800w, https:\/\/echoczerska.pl\/wp-content\/uploads\/2022\/12\/LOGO-na-strone-300x51.png 300w, https:\/\/echoczerska.pl\/wp-content\/uploads\/2022\/12\/LOGO-na-strone-768x130.png 768w\" sizes=\"auto, (max-width: 800px) 100vw, 800px\" \/><\/figure>\n\n\n\nngg_shortcode_0_placeholder\n","protected":false},"excerpt":{"rendered":"<p>Filip, kt\u00f3ry wzi\u0105\u0142 udzia\u0142 w Wymianie M\u0142odzie\u017cy \u201eAll About Leadership\u201d w Murzasichle, w Polsce, od 18.03.2024 do 29.03.2024, podzieli\u0142 si\u0119 swoimi do\u015bwiadczeniami z r\u00f3wie\u015bnikami! Wymiany M\u0142odzie\u017cy Erasmus+ to doskona\u0142a okazja do rozwijania nowych umiej\u0119tno\u015bci, budowania mi\u0119dzynarodowych przyja\u017ani oraz rozwijania umiej\u0119tno\u015bci przyw\u00f3dczych i \u015bwiadomo\u015bci kulturowej. Prezentacja Filipa zainspirowa\u0142a jego koleg\u00f3w do rozwa\u017cenia udzia\u0142u w podobnych programach&hellip;<\/p>\n","protected":false},"author":1,"featured_media":1921,"comment_status":"open","ping_status":"open","sticky":false,"template":"","format":"standard","meta":{"ngg_post_thumbnail":651,"footnotes":""},"categories":[36,7,26],"tags":[],"class_list":["post-1917","post","type-post","status-publish","format-standard","has-post-thumbnail","hentry","category-36","category-euromed","category-ye-all-about-leadership","tw-post-no-content","tw-post-has-image-16-9","tw-meta-no-icon"],"_links":{"self":[{"href":"https:\/\/echoczerska.pl\/index.php?rest_route=\/wp\/v2\/posts\/1917","targetHints":{"allow":["GET"]}}],"collection":[{"href":"https:\/\/echoczerska.pl\/index.php?rest_route=\/wp\/v2\/posts"}],"about":[{"href":"https:\/\/echoczerska.pl\/index.php?rest_route=\/wp\/v2\/types\/post"}],"author":[{"embeddable":true,"href":"https:\/\/echoczerska.pl\/index.php?rest_route=\/wp\/v2\/users\/1"}],"replies":[{"embeddable":true,"href":"https:\/\/echoczerska.pl\/index.php?rest_route=%2Fwp%2Fv2%2Fcomments&post=1917"}],"version-history":[{"count":2,"href":"https:\/\/echoczerska.pl\/index.php?rest_route=\/wp\/v2\/posts\/1917\/revisions"}],"predecessor-version":[{"id":1970,"href":"https:\/\/echoczerska.pl\/index.php?rest_route=\/wp\/v2\/posts\/1917\/revisions\/1970"}],"wp:featuredmedia":[{"embeddable":true,"href":"https:\/\/echoczerska.pl\/index.php?rest_route=\/wp\/v2\/media\/1921"}],"wp:attachment":[{"href":"https:\/\/echoczerska.pl\/index.php?rest_route=%2Fwp%2Fv2%2Fmedia&parent=1917"}],"wp:term":[{"taxonomy":"category","embeddable":true,"href":"https:\/\/echoczerska.pl\/index.php?rest_route=%2Fwp%2Fv2%2Fcategories&post=1917"},{"taxonomy":"post_tag","embeddable":true,"href":"https:\/\/echoczerska.pl\/index.php?rest_route=%2Fwp%2Fv2%2Ftags&post=1917"}],"curies":[{"name":"wp","href":"https:\/\/api.w.org\/{rel}","templated":true}]}}