{"id":2002,"date":"2024-08-18T00:08:21","date_gmt":"2024-08-17T22:08:21","guid":{"rendered":"https:\/\/echoczerska.pl\/?p=2002"},"modified":"2025-09-21T15:24:22","modified_gmt":"2025-09-21T13:24:22","slug":"sharing-the-results-music-video-made-by-the-participants-of-the-youth-exchange-lights-camera-action","status":"publish","type":"post","link":"https:\/\/echoczerska.pl\/?p=2002","title":{"rendered":"Sharing the results: Music video made by the participants of the Youth Exchange &#8222;Lights-Camera-Action!&#8221;"},"content":{"rendered":"\n<p>\ud83d\udc83\ud83d\udd7a Z ogromn\u0105 dum\u0105 dzielimy si\u0119 wynikiem wymiany m\u0142odzie\u017cy \u201eLights-Camera-Action!\u201d &#8211; teledyskiem! Uczestnicy z Polski \ud83c\uddf5\ud83c\uddf1, \u0141otwy \ud83c\uddf1\ud83c\uddfb, Portugalii \ud83c\uddf5\ud83c\uddf9, Hiszpanii \ud83c\uddea\ud83c\uddf8, Rumunii \ud83c\uddf7\ud83c\uddf4 i Bu\u0142garii \ud83c\udde7\ud83c\uddec spotkali si\u0119 w Polsce, aby odkrywa\u0107 moc ta\u0144ca i muzyki jako \u017ar\u00f3d\u0142a pozytywno\u015bci, wzmocnienia i integracji!<\/p>\n\n\n\n<p>Projekt odby\u0142 si\u0119 w Drobinie, w Polsce, w dniach od 22.04.2024 do 02.05.2024, a jego celem by\u0142o umo\u017cliwienie osobom o r\u00f3\u017cnych zdolno\u015bciach do\u015bwiadczenia pozytywnego wp\u0142ywu wymiany m\u0142odzie\u017cy Erasmus+. Uczestnicy projektu byli odpowiedzialni za tworzenie akcesori\u00f3w, choreografii i wyst\u0119p\u00f3w, a tak\u017ce za wyb\u00f3r piosenki, filmowanie i monta\u017c wideo! \ud83c\udfad Nawet stroje widoczne w ko\u0144cowych minutach teledysku zosta\u0142y zaprojektowane przez uczestnik\u00f3w i stworzone podczas projektu! \ud83c\udfa9\ud83d\udc51<\/p>\n\n\n\n<p>\ud83c\udf1f Nasza wymarzona dru\u017cyna:<\/p>\n\n\n\n<p>\ud83c\uddf5\ud83c\uddf1 EUROMED EVE POLSKA: Szymon Przes\u0142awski, Piotr Narloch, Kacper Jachimowicz, Rados\u0142aw Sabiniarz, Beata S\u0119kowska, Agata Lipska, Wies\u0142aw Lipski, Piotr Czy\u017cewski, Kinga Go\u0142\u0105bek&nbsp;&nbsp;<\/p>\n\n\n\n<p>\ud83c\uddf1\ud83c\uddfb Latvian Association for Youth Activists: Oskars Lie\u0123is, Em\u012bls Kr\u016bmi\u0146\u0161, Raitis \u0100boli\u0146\u0161, Aleksandra Tisecka, Sanda Jonasa, Keita Jonasa, Marija Groza&nbsp;&nbsp;<\/p>\n\n\n\n<p>\ud83c\uddf5\ud83c\uddf9 &#8222;H2O&#8221;-Associa\u00e7\u00e3o de Jovens de Arrouquelas: Elisabete Patricio, Ricardo Neves, Rui Sousa, Maria Sousa, Vera Godinho, Ana Rita Barros, F\u00e1bio Pais&nbsp;&nbsp;<\/p>\n\n\n\n<p>\ud83c\uddea\ud83c\uddf8 Fundaci\u00f3n San Cebri\u00e1n: Leticia Aguado Revilla, Fernando Delgado, \u00d3scar Ruiz, Jenifer Conde, Nerea Gallego Arrate, Mar\u00eda Mart\u00ednez, Sof\u00eda Mu\u00f1\u00f3z&nbsp;&nbsp;<\/p>\n\n\n\n<p>\ud83c\uddf7\ud83c\uddf4 ASOCIATIA BEYOND: Adrian-Marius Lari, Andrei Ionel Lucaciu, Ana-Maria Lari, Oana Mihaela Iuga, \u0218tefan Buh\u0103&nbsp;&nbsp;<\/p>\n\n\n\n<p>\ud83c\udde7\ud83c\uddec Association FOR YOU: Nia Keranova, Desislava Drumeva, Petar Atanasov, Veliko Velikov, Iveta Keranova, Tsvetelin Tsenov<\/p>\n\n\n\n<p>Dzi\u0119kujemy!<\/p>\n\n\n\n<p>Mo\u017cesz zobaczy\u0107 wideo tutaj: <a href=\"https:\/\/www.youtube.com\/watch?v=9dI1Lx5qfq8&amp;t=5s\" data-type=\"link\" data-id=\"https:\/\/www.youtube.com\/watch?v=9dI1Lx5qfq8&amp;t=5s\">https:\/\/www.youtube.com\/watch?v=9dI1Lx5qfq8&amp;t=5s<\/a><\/p>\n\n\n\n<p>Wymiana m\u0142odzie\u017cy \u201eLights-Camera-Action!\u201d jest wsp\u00f3\u0142finansowana przez Uni\u0119 Europejsk\u0105 i organizowana przez EUROMED EVE POLSKA. Numer identyfikacyjny projektu 2023-1-PL01-KA151-YOU-000137823<\/p>\n\n\n\n<p>#erasmusplus #cofundedbytheeuropeanunion #youthexchange #nonformaleducation #inclusion<\/p>\n\n\n\n<figure class=\"wp-block-image size-full is-resized\"><img loading=\"lazy\" decoding=\"async\" width=\"800\" height=\"135\" src=\"https:\/\/echoczerska.pl\/wp-content\/uploads\/2022\/12\/LOGO-na-strone.png\" alt=\"\" class=\"wp-image-669\" style=\"width:529px;height:auto\" srcset=\"https:\/\/echoczerska.pl\/wp-content\/uploads\/2022\/12\/LOGO-na-strone.png 800w, https:\/\/echoczerska.pl\/wp-content\/uploads\/2022\/12\/LOGO-na-strone-300x51.png 300w, https:\/\/echoczerska.pl\/wp-content\/uploads\/2022\/12\/LOGO-na-strone-768x130.png 768w\" sizes=\"auto, (max-width: 800px) 100vw, 800px\" \/><\/figure>\n\n\n\n<p><\/p>\n","protected":false},"excerpt":{"rendered":"<p>\ud83d\udc83\ud83d\udd7a Z ogromn\u0105 dum\u0105 dzielimy si\u0119 wynikiem wymiany m\u0142odzie\u017cy \u201eLights-Camera-Action!\u201d &#8211; teledyskiem! Uczestnicy z Polski \ud83c\uddf5\ud83c\uddf1, \u0141otwy \ud83c\uddf1\ud83c\uddfb, Portugalii \ud83c\uddf5\ud83c\uddf9, Hiszpanii \ud83c\uddea\ud83c\uddf8, Rumunii \ud83c\uddf7\ud83c\uddf4 i Bu\u0142garii \ud83c\udde7\ud83c\uddec spotkali si\u0119 w Polsce, aby odkrywa\u0107 moc ta\u0144ca i muzyki jako \u017ar\u00f3d\u0142a pozytywno\u015bci, wzmocnienia i integracji! Projekt odby\u0142 si\u0119 w Drobinie, w Polsce, w dniach od 22.04.2024 do&hellip;<\/p>\n","protected":false},"author":1,"featured_media":2003,"comment_status":"open","ping_status":"open","sticky":false,"template":"","format":"standard","meta":{"ngg_post_thumbnail":680,"footnotes":""},"categories":[36,7,28],"tags":[],"class_list":["post-2002","post","type-post","status-publish","format-standard","has-post-thumbnail","hentry","category-36","category-euromed","category-ye-lights-camera-action","tw-post-no-content","tw-post-has-image-16-9","tw-meta-no-icon"],"_links":{"self":[{"href":"https:\/\/echoczerska.pl\/index.php?rest_route=\/wp\/v2\/posts\/2002","targetHints":{"allow":["GET"]}}],"collection":[{"href":"https:\/\/echoczerska.pl\/index.php?rest_route=\/wp\/v2\/posts"}],"about":[{"href":"https:\/\/echoczerska.pl\/index.php?rest_route=\/wp\/v2\/types\/post"}],"author":[{"embeddable":true,"href":"https:\/\/echoczerska.pl\/index.php?rest_route=\/wp\/v2\/users\/1"}],"replies":[{"embeddable":true,"href":"https:\/\/echoczerska.pl\/index.php?rest_route=%2Fwp%2Fv2%2Fcomments&post=2002"}],"version-history":[{"count":2,"href":"https:\/\/echoczerska.pl\/index.php?rest_route=\/wp\/v2\/posts\/2002\/revisions"}],"predecessor-version":[{"id":2031,"href":"https:\/\/echoczerska.pl\/index.php?rest_route=\/wp\/v2\/posts\/2002\/revisions\/2031"}],"wp:featuredmedia":[{"embeddable":true,"href":"https:\/\/echoczerska.pl\/index.php?rest_route=\/wp\/v2\/media\/2003"}],"wp:attachment":[{"href":"https:\/\/echoczerska.pl\/index.php?rest_route=%2Fwp%2Fv2%2Fmedia&parent=2002"}],"wp:term":[{"taxonomy":"category","embeddable":true,"href":"https:\/\/echoczerska.pl\/index.php?rest_route=%2Fwp%2Fv2%2Fcategories&post=2002"},{"taxonomy":"post_tag","embeddable":true,"href":"https:\/\/echoczerska.pl\/index.php?rest_route=%2Fwp%2Fv2%2Ftags&post=2002"}],"curies":[{"name":"wp","href":"https:\/\/api.w.org\/{rel}","templated":true}]}}