{"id":2038,"date":"2024-09-22T21:44:53","date_gmt":"2024-09-22T19:44:53","guid":{"rendered":"https:\/\/echoczerska.pl\/?p=2038"},"modified":"2025-09-21T15:18:52","modified_gmt":"2025-09-21T13:18:52","slug":"apv-of-the-youth-exchangeall-about-leadership-2murzasichle-poland17-09-2024-19-09-2024","status":"publish","type":"post","link":"https:\/\/echoczerska.pl\/?p=2038","title":{"rendered":"APV of the Youth Exchange<br\/>&#8222;All About Leadership 2&#8221;<br\/>Murzasichle, Poland<br\/>17\/09\/2024-19\/09\/2024"},"content":{"rendered":"\n<p>W dniach 17-19\/09\/2024 zorganizowali\u015bmy wizyt\u0119 przygotowawcz\u0105 projektu &#8222;All About Leadership 2&#8221; w Murzasichle, podczas kt\u00f3rej liderzy grup z Polski \ud83c\uddf5\ud83c\uddf1, Armenii \ud83c\udde6\ud83c\uddf2, \u0141otwy \ud83c\uddf1\ud83c\uddfb, Serbii \ud83c\uddf7\ud83c\uddf8, Turcji \ud83c\uddf9\ud83c\uddf7 i Ukrainy \ud83c\uddfa\ud83c\udde6 spotkali si\u0119, aby om\u00f3wi\u0107 program nadchodz\u0105cej wymiany m\u0142odzie\u017cy oraz przygotowania uczestnik\u00f3w projektu.&nbsp;<\/p>\n\n\n\n<p>Wymiana m\u0142odzie\u017cy zgromadzi uczestnik\u00f3w, aby zaanga\u017cowa\u0107 ich w dzia\u0142ania rozwijaj\u0105ce umiej\u0119tno\u015bci publicznych wyst\u0105pie\u0144, wsp\u00f3\u0142prac\u0119 w mi\u0119dzynarodowych zespo\u0142ach, generowanie innowacyjnych pomys\u0142\u00f3w oraz badanie r\u00f3\u017cnych styl\u00f3w i podej\u015b\u0107 do przyw\u00f3dztwa. \ud83c\udf0d Uczestnicy b\u0119d\u0105 mieli okazj\u0119 dzieli\u0107 si\u0119 swoimi do\u015bwiadczeniami i uczy\u0107 od siebie nawzajem, tworz\u0105c wspieraj\u0105c\u0105 sie\u0107 podobnie my\u015bl\u0105cych os\u00f3b. \ud83e\udd1d\u2728 Ostatecznym celem jest wyposa\u017cenie m\u0142odych ludzi w umiej\u0119tno\u015bci i wiedz\u0119 potrzebn\u0105 do zostania liderami zar\u00f3wno w \u017cyciu osobistym, jak i zawodowym. \ud83c\udf93\ud83d\udca1<\/p>\n\n\n\n<p>Projekt jest wsp\u00f3\u0142finansowany przez Uni\u0119 Europejsk\u0105 \ud83c\uddea\ud83c\uddfa i organizowany przez EUROMED EVE POLSKA.<\/p>\n\n\n\n<p>#erasmusplus #wymianam\u0142odzie\u017cy #edukacjanieformalna #przyw\u00f3dztwo<\/p>\n\n\n\n<figure class=\"wp-block-image size-full is-resized\"><img loading=\"lazy\" decoding=\"async\" width=\"800\" height=\"135\" src=\"https:\/\/echoczerska.pl\/wp-content\/uploads\/2022\/12\/LOGO-na-strone.png\" alt=\"\" class=\"wp-image-669\" style=\"width:550px;height:auto\" srcset=\"https:\/\/echoczerska.pl\/wp-content\/uploads\/2022\/12\/LOGO-na-strone.png 800w, https:\/\/echoczerska.pl\/wp-content\/uploads\/2022\/12\/LOGO-na-strone-300x51.png 300w, https:\/\/echoczerska.pl\/wp-content\/uploads\/2022\/12\/LOGO-na-strone-768x130.png 768w\" sizes=\"auto, (max-width: 800px) 100vw, 800px\" \/><\/figure>\n\n\n\nngg_shortcode_0_placeholder\n","protected":false},"excerpt":{"rendered":"<p>W dniach 17-19\/09\/2024 zorganizowali\u015bmy wizyt\u0119 przygotowawcz\u0105 projektu &#8222;All About Leadership 2&#8221; w Murzasichle, podczas kt\u00f3rej liderzy grup z Polski \ud83c\uddf5\ud83c\uddf1, Armenii \ud83c\udde6\ud83c\uddf2, \u0141otwy \ud83c\uddf1\ud83c\uddfb, Serbii \ud83c\uddf7\ud83c\uddf8, Turcji \ud83c\uddf9\ud83c\uddf7 i Ukrainy \ud83c\uddfa\ud83c\udde6 spotkali si\u0119, aby om\u00f3wi\u0107 program nadchodz\u0105cej wymiany m\u0142odzie\u017cy oraz przygotowania uczestnik\u00f3w projektu.&nbsp; Wymiana m\u0142odzie\u017cy zgromadzi uczestnik\u00f3w, aby zaanga\u017cowa\u0107 ich w dzia\u0142ania rozwijaj\u0105ce umiej\u0119tno\u015bci publicznych&hellip;<\/p>\n","protected":false},"author":1,"featured_media":2042,"comment_status":"open","ping_status":"open","sticky":false,"template":"","format":"standard","meta":{"ngg_post_thumbnail":706,"footnotes":""},"categories":[36,7,30,12],"tags":[],"class_list":["post-2038","post","type-post","status-publish","format-standard","has-post-thumbnail","hentry","category-36","category-euromed","category-ye-all-about-leadership-2","category-zrealizowane","tw-post-no-content","tw-post-has-image-16-9","tw-meta-no-icon"],"_links":{"self":[{"href":"https:\/\/echoczerska.pl\/index.php?rest_route=\/wp\/v2\/posts\/2038","targetHints":{"allow":["GET"]}}],"collection":[{"href":"https:\/\/echoczerska.pl\/index.php?rest_route=\/wp\/v2\/posts"}],"about":[{"href":"https:\/\/echoczerska.pl\/index.php?rest_route=\/wp\/v2\/types\/post"}],"author":[{"embeddable":true,"href":"https:\/\/echoczerska.pl\/index.php?rest_route=\/wp\/v2\/users\/1"}],"replies":[{"embeddable":true,"href":"https:\/\/echoczerska.pl\/index.php?rest_route=%2Fwp%2Fv2%2Fcomments&post=2038"}],"version-history":[{"count":2,"href":"https:\/\/echoczerska.pl\/index.php?rest_route=\/wp\/v2\/posts\/2038\/revisions"}],"predecessor-version":[{"id":2044,"href":"https:\/\/echoczerska.pl\/index.php?rest_route=\/wp\/v2\/posts\/2038\/revisions\/2044"}],"wp:featuredmedia":[{"embeddable":true,"href":"https:\/\/echoczerska.pl\/index.php?rest_route=\/wp\/v2\/media\/2042"}],"wp:attachment":[{"href":"https:\/\/echoczerska.pl\/index.php?rest_route=%2Fwp%2Fv2%2Fmedia&parent=2038"}],"wp:term":[{"taxonomy":"category","embeddable":true,"href":"https:\/\/echoczerska.pl\/index.php?rest_route=%2Fwp%2Fv2%2Fcategories&post=2038"},{"taxonomy":"post_tag","embeddable":true,"href":"https:\/\/echoczerska.pl\/index.php?rest_route=%2Fwp%2Fv2%2Ftags&post=2038"}],"curies":[{"name":"wp","href":"https:\/\/api.w.org\/{rel}","templated":true}]}}