{"id":2057,"date":"2024-10-19T22:41:15","date_gmt":"2024-10-19T20:41:15","guid":{"rendered":"https:\/\/echoczerska.pl\/?p=2057"},"modified":"2025-09-21T15:18:48","modified_gmt":"2025-09-21T13:18:48","slug":"the-visit-of-the-youth-exchange-all-about-leadership-2-to-the-local-school","status":"publish","type":"post","link":"https:\/\/echoczerska.pl\/?p=2057","title":{"rendered":"The visit of the Youth Exchange \u201eAll About Leadership 2\u201d to the local school"},"content":{"rendered":"\n<p>Trzeciego dnia projektu wymiany m\u0142odzie\u017cy \u201eAll About Leadership 2\u201d uczestnicy mieli okazj\u0119 odwiedzi\u0107 lokaln\u0105 szko\u0142\u0119 w Murzasichlu \ud83c\udfeb. Brali udzia\u0142 w zabawnych zaj\u0119ciach j\u0119zykowych i kulturowych z polskimi \ud83c\uddf5\ud83c\uddf1 uczniami, co stworzy\u0142o znacz\u0105c\u0105 wi\u0119\u017a mi\u0119dzy grupami.<\/p>\n\n\n\n<p>Poranek rozpocz\u0105\u0142 si\u0119 lekcj\u0105 j\u0119zyka, podczas kt\u00f3rej uczestnicy z \u0141otwy \ud83c\uddf1\ud83c\uddfb, Armenii \ud83c\udde6\ud83c\uddf2, Serbii \ud83c\uddf7\ud83c\uddf8, Ukrainy \ud83c\uddfa\ud83c\udde6 i Turcji \ud83c\uddf9\ud83c\uddf7 przedstawili si\u0119 i nauczyli uczni\u00f3w kilku podstawowych zwrot\u00f3w w swoich j\u0119zykach. To wzbudzi\u0142o ciekawo\u015b\u0107 i doprowadzi\u0142o do rozm\u00f3w na temat r\u00f3\u017cnych kraj\u00f3w i kultur.<\/p>\n\n\n\n<p>Po kr\u00f3tkiej przerwie druga sesja skupi\u0142a si\u0119 na kulturze. Polscy \ud83c\uddf5\ud83c\uddf1 uczniowie poznawali pi\u0119\u0107 kraj\u00f3w poprzez interaktywne zadania grupowe i dyskusje prowadzone przez mi\u0119dzynarodowych uczestnik\u00f3w. Ta wymiana pomys\u0142\u00f3w o\u017cywi\u0142a r\u00f3\u017cne kultury i zach\u0119ci\u0142a wszystkich do refleksji nad tym, co czyni ka\u017cd\u0105 z nich wyj\u0105tkow\u0105.<\/p>\n\n\n\n<p>Wizyta by\u0142a wzbogacaj\u0105cym do\u015bwiadczeniem zar\u00f3wno dla polskich \ud83c\uddf5\ud83c\uddf1 uczni\u00f3w, jak i mi\u0119dzynarodowych uczestnik\u00f3w, kt\u00f3rzy cieszyli si\u0119 dniem pe\u0142nym nauki, odkrywania i dzielenia si\u0119 kulturami \ud83c\udf89.<\/p>\n\n\n\n<p>Wymiana m\u0142odzie\u017cy \u201eAll About Leadership 2\u201d jest organizowana przez EUROMED EVE POLSKA i wsp\u00f3\u0142finansowana przez Uni\u0119 Europejsk\u0105.<\/p>\n\n\n\n<p>#erasmusplus #wymianam\u0142odzie\u017cy #edukacjanieformalna #przyw\u00f3dztwo<\/p>\n\n\n\n<figure class=\"wp-block-image size-full is-resized\"><img loading=\"lazy\" decoding=\"async\" width=\"800\" height=\"135\" src=\"https:\/\/echoczerska.pl\/wp-content\/uploads\/2022\/12\/LOGO-na-strone.png\" alt=\"\" class=\"wp-image-669\" style=\"width:531px;height:auto\" srcset=\"https:\/\/echoczerska.pl\/wp-content\/uploads\/2022\/12\/LOGO-na-strone.png 800w, https:\/\/echoczerska.pl\/wp-content\/uploads\/2022\/12\/LOGO-na-strone-300x51.png 300w, https:\/\/echoczerska.pl\/wp-content\/uploads\/2022\/12\/LOGO-na-strone-768x130.png 768w\" sizes=\"auto, (max-width: 800px) 100vw, 800px\" \/><\/figure>\n\n\n\nngg_shortcode_0_placeholder\n","protected":false},"excerpt":{"rendered":"<p>Trzeciego dnia projektu wymiany m\u0142odzie\u017cy \u201eAll About Leadership 2\u201d uczestnicy mieli okazj\u0119 odwiedzi\u0107 lokaln\u0105 szko\u0142\u0119 w Murzasichlu \ud83c\udfeb. Brali udzia\u0142 w zabawnych zaj\u0119ciach j\u0119zykowych i kulturowych z polskimi \ud83c\uddf5\ud83c\uddf1 uczniami, co stworzy\u0142o znacz\u0105c\u0105 wi\u0119\u017a mi\u0119dzy grupami. Poranek rozpocz\u0105\u0142 si\u0119 lekcj\u0105 j\u0119zyka, podczas kt\u00f3rej uczestnicy z \u0141otwy \ud83c\uddf1\ud83c\uddfb, Armenii \ud83c\udde6\ud83c\uddf2, Serbii \ud83c\uddf7\ud83c\uddf8, Ukrainy \ud83c\uddfa\ud83c\udde6 i Turcji&hellip;<\/p>\n","protected":false},"author":1,"featured_media":2069,"comment_status":"open","ping_status":"open","sticky":false,"template":"","format":"standard","meta":{"ngg_post_thumbnail":713,"footnotes":""},"categories":[36,7,30],"tags":[],"class_list":["post-2057","post","type-post","status-publish","format-standard","has-post-thumbnail","hentry","category-36","category-euromed","category-ye-all-about-leadership-2","tw-post-no-content","tw-post-has-image-16-9","tw-meta-no-icon"],"_links":{"self":[{"href":"https:\/\/echoczerska.pl\/index.php?rest_route=\/wp\/v2\/posts\/2057","targetHints":{"allow":["GET"]}}],"collection":[{"href":"https:\/\/echoczerska.pl\/index.php?rest_route=\/wp\/v2\/posts"}],"about":[{"href":"https:\/\/echoczerska.pl\/index.php?rest_route=\/wp\/v2\/types\/post"}],"author":[{"embeddable":true,"href":"https:\/\/echoczerska.pl\/index.php?rest_route=\/wp\/v2\/users\/1"}],"replies":[{"embeddable":true,"href":"https:\/\/echoczerska.pl\/index.php?rest_route=%2Fwp%2Fv2%2Fcomments&post=2057"}],"version-history":[{"count":3,"href":"https:\/\/echoczerska.pl\/index.php?rest_route=\/wp\/v2\/posts\/2057\/revisions"}],"predecessor-version":[{"id":2072,"href":"https:\/\/echoczerska.pl\/index.php?rest_route=\/wp\/v2\/posts\/2057\/revisions\/2072"}],"wp:featuredmedia":[{"embeddable":true,"href":"https:\/\/echoczerska.pl\/index.php?rest_route=\/wp\/v2\/media\/2069"}],"wp:attachment":[{"href":"https:\/\/echoczerska.pl\/index.php?rest_route=%2Fwp%2Fv2%2Fmedia&parent=2057"}],"wp:term":[{"taxonomy":"category","embeddable":true,"href":"https:\/\/echoczerska.pl\/index.php?rest_route=%2Fwp%2Fv2%2Fcategories&post=2057"},{"taxonomy":"post_tag","embeddable":true,"href":"https:\/\/echoczerska.pl\/index.php?rest_route=%2Fwp%2Fv2%2Ftags&post=2057"}],"curies":[{"name":"wp","href":"https:\/\/api.w.org\/{rel}","templated":true}]}}