{"id":2179,"date":"2024-11-15T11:20:50","date_gmt":"2024-11-15T10:20:50","guid":{"rendered":"https:\/\/echoczerska.pl\/?p=2179"},"modified":"2025-09-21T15:24:55","modified_gmt":"2025-09-21T13:24:55","slug":"youth-exchangepeace-ambassadorsmurzasichle-poland15-10-2024-22-10-2024","status":"publish","type":"post","link":"https:\/\/echoczerska.pl\/?p=2179","title":{"rendered":"Youth Exchange<br\/>&#8222;Peace Ambassadors&#8221;<br\/>Murzasichle, Poland<br\/>15\/10\/2024-22\/10\/2024"},"content":{"rendered":"\n<p>W dniach 15-22 pa\u017adziernika 2024 roku w malowniczym Murzasichle \ud83c\udfd4\ufe0f odby\u0142a si\u0119 mi\u0119dzynarodowa wymiana m\u0142odzie\u017cy \u201ePeace Ambassadors\u201d \ud83d\udd4a\ufe0f. Projekt zgromadzi\u0142 uczestnik\u00f3w z Polski \ud83c\uddf5\ud83c\uddf1, \u0141otwy \ud83c\uddf1\ud83c\uddfb, Serbii \ud83c\uddf7\ud83c\uddf8, Ukrainy \ud83c\uddfa\ud83c\udde6, Jordanii \ud83c\uddef\ud83c\uddf4 i Rumunii \ud83c\uddf7\ud83c\uddf4, kt\u00f3rzy wsp\u00f3lnie pracowali nad promowaniem kultury pokoju \ud83e\udd1d i wzajemnego zrozumienia \ud83c\udf0d. G\u0142\u00f3wnym celem wymiany by\u0142o kszta\u0142towanie postaw pokojowych i niestosowania przemocy w\u015br\u00f3d m\u0142odych ludzi, pomagaj\u0105c im sta\u0107 si\u0119 ambasadorami pokoju w swoich spo\u0142eczno\u015bciach. Program skupi\u0142 si\u0119 r\u00f3wnie\u017c na zwi\u0119kszaniu tolerancji \ud83c\udff3\ufe0f\u200d\ud83c\udf08 i \u015bwiadomo\u015bci mi\u0119dzykulturowej, redukowaniu uprzedze\u0144 oraz budowaniu wzajemnego szacunku mi\u0119dzy uczestnikami o r\u00f3\u017cnych do\u015bwiadczeniach i pochodzeniu.<\/p>\n\n\n\n<p>Pierwsze dni wymiany po\u015bwi\u0119cone by\u0142y integracji i budowaniu zaufania \ud83d\udc6b. Dzi\u0119ki kreatywnym \u0107wiczeniom \ud83c\udfa8 i grom zespo\u0142owym \ud83c\udfb2 uczestnicy mieli okazj\u0119 lepiej si\u0119 pozna\u0107 i prze\u0142ama\u0107 bariery j\u0119zykowe \ud83d\udde3\ufe0f. Szczeg\u00f3lnie du\u017c\u0105 warto\u015b\u0107 mia\u0142a \u201eHuman Library\u201d \ud83d\udcda, podczas kt\u00f3rej m\u0142odzie\u017c dzieli\u0142a si\u0119 swoimi osobistymi historiami i do\u015bwiadczeniami zwi\u0105zanymi z pokojem i konfliktami \u270c\ufe0f.<\/p>\n\n\n\n<p>W kolejnych dniach odbywa\u0142y si\u0119 warsztaty tematyczne \ud83d\udcd6, kt\u00f3re pozwoli\u0142y uczestnikom zg\u0142\u0119bi\u0107 znaczenie pokoju w r\u00f3\u017cnych kulturach oraz nauczy\u0107 si\u0119 skutecznych metod rozwi\u0105zywania konflikt\u00f3w \u2696\ufe0f. Jednym z kluczowych punkt\u00f3w programu by\u0142 warsztat z mediacji i negocjacji \ud83d\uddc2\ufe0f, kt\u00f3ry pom\u00f3g\u0142 m\u0142odym ludziom zrozumie\u0107, jak mo\u017cna budowa\u0107 porozumienie nawet w trudnych sytuacjach.<\/p>\n\n\n\n<p>Wieczorami uczestnicy brali udzia\u0142 w wieczorach kulturowych \ud83c\udfad, podczas kt\u00f3rych ka\u017cdy kraj prezentowa\u0142 swoj\u0105 tradycj\u0119 \ud83c\udfe1, j\u0119zyk \ud83d\udcdd, muzyk\u0119 \ud83c\udfb6 i kuchni\u0119 \ud83c\udf72. To by\u0142y wyj\u0105tkowe chwile pe\u0142ne \u015bmiechu, ta\u0144ca \ud83d\udc83\ud83d\udd7a i nowych do\u015bwiadcze\u0144, kt\u00f3re pozwoli\u0142y lepiej zrozumie\u0107 r\u00f3\u017cnorodno\u015b\u0107 kulturow\u0105 i uczy\u0107 si\u0119 od siebie nawzajem \ud83c\udf0f.<\/p>\n\n\n\n<p>Jednym z najbardziej niezapomnianych moment\u00f3w wymiany by\u0142a wycieczka nad Morskie Oko \ud83d\udeb6\u200d\u2642\ufe0f\u26f0\ufe0f. Spacer w\u015br\u00f3d zapieraj\u0105cych dech w piersiach g\u00f3rskich krajobraz\u00f3w \ud83c\udfde\ufe0f sta\u0142 si\u0119 okazj\u0105 do refleksji nad warto\u015bciami, kt\u00f3re \u0142\u0105czy\u0142y wszystkich uczestnik\u00f3w projektu. Wsp\u00f3lne rozmowy \ud83d\udde8\ufe0f i dzielenie si\u0119 wra\u017ceniami w tak niezwyk\u0142ym miejscu umocni\u0142y relacje mi\u0119dzy m\u0142odymi lud\u017ami \ud83e\udd17.<\/p>\n\n\n\n<p>Na zako\u0144czenie wymiany uczestnicy podsumowali zdobyte do\u015bwiadczenia i refleksje podczas sesji ewaluacyjnej \ud83d\udcd1. Ka\u017cdy z nich otrzyma\u0142 certyfikat Youthpass \ud83c\udf93, potwierdzaj\u0105cy zdobyte kompetencje, kt\u00f3re b\u0119d\u0105 im towarzyszy\u0107 w dalszym zaanga\u017cowaniu spo\u0142ecznym \ud83d\udca1.<\/p>\n\n\n\n<p>Projekt \u201ePeace Ambassadors\u201d \ud83d\udd4a\ufe0f nie tylko wp\u0142yn\u0105\u0142 na indywidualny rozw\u00f3j uczestnik\u00f3w \ud83d\udc4f, ale r\u00f3wnie\u017c zainspirowa\u0142 ich do aktywnego promowania pokoju i jedno\u015bci spo\u0142ecznej \ud83c\udfe1 w swoich krajach. Wymiana pomog\u0142a m\u0142odzie\u017cy dostrzec, jak ma\u0142e dzia\u0142ania mog\u0105 prowadzi\u0107 do realnych zmian w otaczaj\u0105cym ich \u015bwiecie \ud83c\udf1f.<\/p>\n\n\n\n<p>\ud83d\udccc Organizatorami wymiany byli:<br>\ud83c\uddf5\ud83c\uddf1 EUROMED EVE POLSKA<br>\ud83c\uddf1\ud83c\uddfb Latvian Association for Youth Activists<br>\ud83c\uddf7\ud83c\uddf8 SINHRO<br>\ud83c\uddfa\ud83c\udde6 Non-formal Education for Youth<br>\ud83c\uddef\ud83c\uddf4 Desert Bloom<br>\ud83c\uddf7\ud83c\uddf4 Asociatia Beyond<\/p>\n\n\n\n<p>Projekt by\u0142 wsp\u00f3\u0142finansowany przez Uni\u0119 Europejsk\u0105 \ud83c\uddea\ud83c\uddfa w ramach programu Erasmus+.<\/p>\n\n\n\n<p>#erasmusplus #wymianam\u0142odzie\u017cy #pok\u00f3j\ud83d\udd4a\ufe0f #tolerancja&nbsp; #edukacjanformalna\ud83d\udcda #wsp\u00f3\u0142finansowanaprzezUni\u0119Europejsk\u0105\ud83c\uddea\ud83c\uddfa<\/p>\n\n\n\n<figure class=\"wp-block-image size-full is-resized\"><img loading=\"lazy\" decoding=\"async\" width=\"800\" height=\"135\" src=\"https:\/\/echoczerska.pl\/wp-content\/uploads\/2022\/12\/LOGO-na-strone.png\" alt=\"\" class=\"wp-image-669\" style=\"width:492px;height:auto\" srcset=\"https:\/\/echoczerska.pl\/wp-content\/uploads\/2022\/12\/LOGO-na-strone.png 800w, https:\/\/echoczerska.pl\/wp-content\/uploads\/2022\/12\/LOGO-na-strone-300x51.png 300w, https:\/\/echoczerska.pl\/wp-content\/uploads\/2022\/12\/LOGO-na-strone-768x130.png 768w\" sizes=\"auto, (max-width: 800px) 100vw, 800px\" \/><\/figure>\n\n\n\nngg_shortcode_0_placeholder\n","protected":false},"excerpt":{"rendered":"<p>W dniach 15-22 pa\u017adziernika 2024 roku w malowniczym Murzasichle \ud83c\udfd4\ufe0f odby\u0142a si\u0119 mi\u0119dzynarodowa wymiana m\u0142odzie\u017cy \u201ePeace Ambassadors\u201d \ud83d\udd4a\ufe0f. Projekt zgromadzi\u0142 uczestnik\u00f3w z Polski \ud83c\uddf5\ud83c\uddf1, \u0141otwy \ud83c\uddf1\ud83c\uddfb, Serbii \ud83c\uddf7\ud83c\uddf8, Ukrainy \ud83c\uddfa\ud83c\udde6, Jordanii \ud83c\uddef\ud83c\uddf4 i Rumunii \ud83c\uddf7\ud83c\uddf4, kt\u00f3rzy wsp\u00f3lnie pracowali nad promowaniem kultury pokoju \ud83e\udd1d i wzajemnego zrozumienia \ud83c\udf0d. G\u0142\u00f3wnym celem wymiany by\u0142o kszta\u0142towanie postaw pokojowych i&hellip;<\/p>\n","protected":false},"author":1,"featured_media":2194,"comment_status":"open","ping_status":"open","sticky":false,"template":"","format":"standard","meta":{"ngg_post_thumbnail":790,"footnotes":""},"categories":[36,7,32,12],"tags":[],"class_list":["post-2179","post","type-post","status-publish","format-standard","has-post-thumbnail","hentry","category-36","category-euromed","category-ye-peace-ambassadors","category-zrealizowane","tw-post-no-content","tw-post-has-image-16-9","tw-meta-no-icon"],"_links":{"self":[{"href":"https:\/\/echoczerska.pl\/index.php?rest_route=\/wp\/v2\/posts\/2179","targetHints":{"allow":["GET"]}}],"collection":[{"href":"https:\/\/echoczerska.pl\/index.php?rest_route=\/wp\/v2\/posts"}],"about":[{"href":"https:\/\/echoczerska.pl\/index.php?rest_route=\/wp\/v2\/types\/post"}],"author":[{"embeddable":true,"href":"https:\/\/echoczerska.pl\/index.php?rest_route=\/wp\/v2\/users\/1"}],"replies":[{"embeddable":true,"href":"https:\/\/echoczerska.pl\/index.php?rest_route=%2Fwp%2Fv2%2Fcomments&post=2179"}],"version-history":[{"count":2,"href":"https:\/\/echoczerska.pl\/index.php?rest_route=\/wp\/v2\/posts\/2179\/revisions"}],"predecessor-version":[{"id":2196,"href":"https:\/\/echoczerska.pl\/index.php?rest_route=\/wp\/v2\/posts\/2179\/revisions\/2196"}],"wp:featuredmedia":[{"embeddable":true,"href":"https:\/\/echoczerska.pl\/index.php?rest_route=\/wp\/v2\/media\/2194"}],"wp:attachment":[{"href":"https:\/\/echoczerska.pl\/index.php?rest_route=%2Fwp%2Fv2%2Fmedia&parent=2179"}],"wp:term":[{"taxonomy":"category","embeddable":true,"href":"https:\/\/echoczerska.pl\/index.php?rest_route=%2Fwp%2Fv2%2Fcategories&post=2179"},{"taxonomy":"post_tag","embeddable":true,"href":"https:\/\/echoczerska.pl\/index.php?rest_route=%2Fwp%2Fv2%2Ftags&post=2179"}],"curies":[{"name":"wp","href":"https:\/\/api.w.org\/{rel}","templated":true}]}}