{"id":2336,"date":"2025-04-29T09:00:22","date_gmt":"2025-04-29T07:00:22","guid":{"rendered":"https:\/\/echoczerska.pl\/?p=2336"},"modified":"2025-04-25T13:38:08","modified_gmt":"2025-04-25T11:38:08","slug":"youth-exchangelets-act-on-inclusionovar-portugal21-04-2025-28-04-2025","status":"publish","type":"post","link":"https:\/\/echoczerska.pl\/?p=2336","title":{"rendered":"Youth Exchange<br\/>&#8222;Let&#8217;s Act on Inclusion!&#8221;<br\/>Ovar, Portugal<br\/>21\/04\/2025-28\/04\/2025"},"content":{"rendered":"\n<p>Wymiana m\u0142odzie\u017cy\u00a0\u201cLet\u2019s Act On Inclusion\u201d odby\u0142a si\u0119 w dniach 21-28 kwietnia 2025r. w Portugalii w malowniczym miejscu Ovar, \u0142\u0105cz\u0105c uczestnik\u00f3w z Polski, Portugalii, P\u00f3\u0142nocnej Macedonii, Niemiec, Turcji oraz Bu\u0142garii. Celem projektu by\u0142o rozwijanie \u015bwiadomo\u015bci uczestnik\u00f3w na temat dyskryminacji na r\u00f3\u017cnych platformach.<br>W ramach projektu uczestnicy brali udzia\u0142 w warsztatach i aktywno\u015bciach, kt\u00f3re mia\u0142y na celu zwi\u0119kszanie \u015bwiadomo\u015bci m\u0142odych ludzi na temat wsp\u00f3\u0142czesnych problem\u00f3w dotycz\u0105cych mowy nienawi\u015bci, rasizmu, dyskryminacji i ksenofobii. Zaj\u0119cia promowa\u0142y integracj\u0119 grup marginalizowanych poprzez edukacj\u0119 pozaformaln\u0105 oraz umo\u017cliwia\u0142y wymian\u0119 dobrych praktyk i wsp\u00f3\u0142prac\u0119 mi\u0119dzynarodow\u0105 w ramach programu Erasmus+.<\/p>\n\n\n\n<p>Uczestnicy odwiedzili r\u00f3wnie\u017c niedaleko po\u0142o\u017con\u0105 szko\u0142\u0119, gdzie promowali wymiany mi\u0119dzynarodowe Erasmus+ i podzielili si\u0119 swoimi do\u015bwiadczeniami. Uczniowie ch\u0119tnie zaanga\u017cowali si\u0119 w zaj\u0119cia. Poza oficjalnymi zaj\u0119ciami by\u0142 te\u017c czas na integracj\u0119, wsp\u00f3lne gry, rozmowy i aktywno\u015bci, co pomaga\u0142o w budowaniu trwa\u0142ych przyja\u017ani. Cz\u0142onkowie projektu mieli r\u00f3wnie\u017c okazj\u0119 na odwiedzenie magicznej miejscowo\u015bci, Porto.&nbsp;Projekt by\u0142 niezapomnianym do\u015bwiadczeniem, kt\u00f3re pomog\u0142o uczestnikom rozwin\u0105\u0107 umiej\u0119tno\u015bci komunikacyjne oraz prze\u0142ama\u0107 bariery j\u0119zykowe. &nbsp;By\u0142a to nie tylko edukacja, ale r\u00f3wnie\u017c przygoda pe\u0142na inspiracji i nowych znajomo\u015bci, kt\u00f3re zostan\u0105 na d\u0142ugo w pami\u0119ci uczestnik\u00f3w.<\/p>\n\n\n\n<p><br>\ud83c\uddea\ud83c\uddfa Wymiana m\u0142odzie\u017cy zosta\u0142a wsp\u00f3\u0142finansowana przez Uni\u0119 Europejsk\u0105 i zorganizowana przez  \ud83c\uddf5\ud83c\uddf9 N\u00f3 G\u00f3rdio, we wsp\u00f3\u0142pracy z partnerami:<\/p>\n\n\n\n<p>\ud83c\uddf5\ud83c\uddf1 EUROMED EVE POLSKA<\/p>\n\n\n\n<p>\ud83c\uddf2\ud83c\uddf0 Citizens Association United Youth<\/p>\n\n\n\n<p>\ud83c\uddf9\ud83c\uddf7 Bilim Dil K\u00fclt\u00fcr Derne\u011fi&nbsp;<\/p>\n\n\n\n<p>\ud83c\udde9\ud83c\uddea Migrafrica<\/p>\n\n\n\n<p>\ud83c\udde7\ud83c\uddec Walktogether<\/p>\n\n\n\n<figure class=\"wp-block-image size-full is-resized\"><img loading=\"lazy\" decoding=\"async\" width=\"800\" height=\"135\" src=\"https:\/\/echoczerska.pl\/wp-content\/uploads\/2022\/12\/LOGO-na-strone.png\" alt=\"\" class=\"wp-image-669\" style=\"width:537px;height:auto\" srcset=\"https:\/\/echoczerska.pl\/wp-content\/uploads\/2022\/12\/LOGO-na-strone.png 800w, https:\/\/echoczerska.pl\/wp-content\/uploads\/2022\/12\/LOGO-na-strone-300x51.png 300w, https:\/\/echoczerska.pl\/wp-content\/uploads\/2022\/12\/LOGO-na-strone-768x130.png 768w\" sizes=\"auto, (max-width: 800px) 100vw, 800px\" \/><\/figure>\n\n\n\nngg_shortcode_0_placeholder\n","protected":false},"excerpt":{"rendered":"<p>Wymiana m\u0142odzie\u017cy\u00a0\u201cLet\u2019s Act On Inclusion\u201d odby\u0142a si\u0119 w dniach 21-28 kwietnia 2025r. w Portugalii w malowniczym miejscu Ovar, \u0142\u0105cz\u0105c uczestnik\u00f3w z Polski, Portugalii, P\u00f3\u0142nocnej Macedonii, Niemiec, Turcji oraz Bu\u0142garii. Celem projektu by\u0142o rozwijanie \u015bwiadomo\u015bci uczestnik\u00f3w na temat dyskryminacji na r\u00f3\u017cnych platformach.W ramach projektu uczestnicy brali udzia\u0142 w warsztatach i aktywno\u015bciach, kt\u00f3re mia\u0142y na celu zwi\u0119kszanie&hellip;<\/p>\n","protected":false},"author":1,"featured_media":2350,"comment_status":"open","ping_status":"open","sticky":false,"template":"","format":"standard","meta":{"ngg_post_thumbnail":882,"footnotes":""},"categories":[14,12],"tags":[],"class_list":["post-2336","post","type-post","status-publish","format-standard","has-post-thumbnail","hentry","category-inne","category-zrealizowane","tw-post-no-content","tw-post-has-image-16-9","tw-meta-no-icon"],"_links":{"self":[{"href":"https:\/\/echoczerska.pl\/index.php?rest_route=\/wp\/v2\/posts\/2336","targetHints":{"allow":["GET"]}}],"collection":[{"href":"https:\/\/echoczerska.pl\/index.php?rest_route=\/wp\/v2\/posts"}],"about":[{"href":"https:\/\/echoczerska.pl\/index.php?rest_route=\/wp\/v2\/types\/post"}],"author":[{"embeddable":true,"href":"https:\/\/echoczerska.pl\/index.php?rest_route=\/wp\/v2\/users\/1"}],"replies":[{"embeddable":true,"href":"https:\/\/echoczerska.pl\/index.php?rest_route=%2Fwp%2Fv2%2Fcomments&post=2336"}],"version-history":[{"count":7,"href":"https:\/\/echoczerska.pl\/index.php?rest_route=\/wp\/v2\/posts\/2336\/revisions"}],"predecessor-version":[{"id":2358,"href":"https:\/\/echoczerska.pl\/index.php?rest_route=\/wp\/v2\/posts\/2336\/revisions\/2358"}],"wp:featuredmedia":[{"embeddable":true,"href":"https:\/\/echoczerska.pl\/index.php?rest_route=\/wp\/v2\/media\/2350"}],"wp:attachment":[{"href":"https:\/\/echoczerska.pl\/index.php?rest_route=%2Fwp%2Fv2%2Fmedia&parent=2336"}],"wp:term":[{"taxonomy":"category","embeddable":true,"href":"https:\/\/echoczerska.pl\/index.php?rest_route=%2Fwp%2Fv2%2Fcategories&post=2336"},{"taxonomy":"post_tag","embeddable":true,"href":"https:\/\/echoczerska.pl\/index.php?rest_route=%2Fwp%2Fv2%2Ftags&post=2336"}],"curies":[{"name":"wp","href":"https:\/\/api.w.org\/{rel}","templated":true}]}}