{"id":2432,"date":"2025-08-21T12:52:59","date_gmt":"2025-08-21T10:52:59","guid":{"rendered":"https:\/\/echoczerska.pl\/?p=2432"},"modified":"2025-09-10T12:57:13","modified_gmt":"2025-09-10T10:57:13","slug":"youth-exchangegreener-steps-for-greener-futurelisbon-portugal06-08-2025-13-08-2025","status":"publish","type":"post","link":"https:\/\/echoczerska.pl\/?p=2432","title":{"rendered":"Youth Exchange<br\/>&#8222;Greener Steps for Greener Future&#8221;<br\/>Lisbon, Portugal<br\/>06\/08\/2025-13\/08\/2025"},"content":{"rendered":"\n<p>Nasza organizacja mia\u0142a zaszczyt uczestniczy\u0107 w programie Erasmus+ w Lizbonie, realizuj\u0105c projekt \u201cGreener Steps for Greener Future\u201d. To wyj\u0105tkowa inicjatywa, kt\u00f3rej celem jest promowanie postaw proekologicznych, zwi\u0119kszanie \u015bwiadomo\u015bci na temat zmian klimatycznych oraz inspirowanie m\u0142odych ludzi do podejmowania odpowiedzialnych dzia\u0142a\u0144 na rzecz \u015brodowiska.<\/p>\n\n\n\n<p>Wsp\u00f3\u0142czesny \u015bwiat mierzy si\u0119 z ogromnymi wyzwaniami nadmiern\u0105 konsumpcj\u0105, zanieczyszczeniem \u015brodowiska, ociepleniem klimatu i spadkiem bior\u00f3\u017cnorodno\u015bci. Cho\u0107 s\u0105 to globalne problemy, ich rozwi\u0105zanie zaczyna si\u0119 od codziennych, indywidualnych decyzji.<\/p>\n\n\n\n<p>Projekt \u201cGreener Steps for Greener Future\u201d powsta\u0142 z przekonania, \u017ce nawet najmniejsze dzia\u0142ania takie jak oszcz\u0119dzanie energii, unikanie plastiku czy \u015bwiadome zakupy maj\u0105 realny wp\u0142yw na nasz\u0105 planet\u0119. Dzi\u0119ki Erasmusowi mogli\u015bmy po\u0142\u0105czy\u0107 si\u0142y z m\u0142odzie\u017c\u0105 z innych kraj\u00f3w, aby wsp\u00f3lnie szuka\u0107 nowych, kreatywnych sposob\u00f3w dbania o \u015brodowisko.<\/p>\n\n\n\n<p>Podczas pobytu w Portugalii uczestniczyli\u015bmy w wielu aktywno\u015bciach, kt\u00f3re pozwoli\u0142y nam nie tylko zdoby\u0107 wiedz\u0119, ale te\u017c w praktyce pokaza\u0142y, jak dzia\u0142a\u0107 ekologicznie. W\u015br\u00f3d nich znalaz\u0142y si\u0119 m.in.:<\/p>\n\n\n\n<p>Warsztaty tematyczne i dyskusje \u2013 rozmawiali\u015bmy o problemie nadprodukcji odpad\u00f3w, o gospodarce cyrkularnej i odpowiedzialnej konsumpcji. Ka\u017cda grupa prezentowa\u0142a swoje pomys\u0142y na ograniczenie \u015bladu w\u0119glowego w codziennym \u017cyciu.<\/p>\n\n\n\n<p>Sprz\u0105tanie pla\u017c i teren\u00f3w zielonych \u2013 wsp\u00f3lnie z uczestnikami z r\u00f3\u017cnych kraj\u00f3w wzi\u0119li\u015bmy udzia\u0142 w akcjach ekologicznych na terenie Lizbony. To by\u0142o nie tylko praktyczne dzia\u0142anie, ale tak\u017ce okazja do u\u015bwiadomienia sobie, jak wiele \u015bmieci wci\u0105\u017c trafia do natury.<\/p>\n\n\n\n<p>Zielone inicjatywy lokalne \u2013 odwiedzili\u015bmy organizacje i miejsca w Lizbonie, kt\u00f3re od lat wdra\u017caj\u0105 rozwi\u0105zania ekologiczne. Poznali\u015bmy przyk\u0142ady gospodarki odpadami, transportu miejskiego przyjaznego \u015brodowisku i lokalnych projekt\u00f3w ekologicznych, kt\u00f3re mog\u0105 by\u0107 inspiracj\u0105 dla naszych spo\u0142eczno\u015bci.<\/p>\n\n\n\n<p>Wymiana kulturowa i integracja \u2013 projekt mia\u0142 te\u017c wymiar spo\u0142eczny. Dzi\u0119ki wsp\u00f3lnej pracy, warsztatom i wydarzeniom integracyjnym mogli\u015bmy pozna\u0107 si\u0119 lepiej, zrozumie\u0107 perspektywy innych narodowo\u015bci i zobaczy\u0107, \u017ce ekologia to temat, kt\u00f3ry \u0142\u0105czy ludzi ponad granicami.<\/p>\n\n\n\n<p>Najwa\u017cniejsz\u0105 lekcj\u0105, jak\u0105 wynie\u015bli\u015bmy z projektu, jest to, \u017ce zmiana zaczyna si\u0119 od nas samych. Wsp\u00f3lne dzia\u0142ania pokaza\u0142y nam, \u017ce nie potrzeba wielkich gest\u00f3w, by mie\u0107 wp\u0142yw wystarczy konsekwencja w codziennych, drobnych krokach.<\/p>\n\n\n\n<p>Zrozumieli\u015bmy r\u00f3wnie\u017c, jak wa\u017cna jest edukacja ekologiczna im wcze\u015bniej zaczniemy uczy\u0107 m\u0142odych ludzi odpowiedzialno\u015bci za \u015brodowisko, tym wi\u0119ksze mamy szanse na prawdziw\u0105 zmian\u0119.<\/p>\n\n\n\n<figure class=\"wp-block-image size-full is-resized\"><img loading=\"lazy\" decoding=\"async\" width=\"800\" height=\"135\" src=\"https:\/\/echoczerska.pl\/wp-content\/uploads\/2022\/12\/LOGO-na-strone.png\" alt=\"\" class=\"wp-image-669\" style=\"width:535px;height:auto\" srcset=\"https:\/\/echoczerska.pl\/wp-content\/uploads\/2022\/12\/LOGO-na-strone.png 800w, https:\/\/echoczerska.pl\/wp-content\/uploads\/2022\/12\/LOGO-na-strone-300x51.png 300w, https:\/\/echoczerska.pl\/wp-content\/uploads\/2022\/12\/LOGO-na-strone-768x130.png 768w\" sizes=\"auto, (max-width: 800px) 100vw, 800px\" \/><\/figure>\n\n\n\nngg_shortcode_0_placeholder\n","protected":false},"excerpt":{"rendered":"<p>Nasza organizacja mia\u0142a zaszczyt uczestniczy\u0107 w programie Erasmus+ w Lizbonie, realizuj\u0105c projekt \u201cGreener Steps for Greener Future\u201d. To wyj\u0105tkowa inicjatywa, kt\u00f3rej celem jest promowanie postaw proekologicznych, zwi\u0119kszanie \u015bwiadomo\u015bci na temat zmian klimatycznych oraz inspirowanie m\u0142odych ludzi do podejmowania odpowiedzialnych dzia\u0142a\u0144 na rzecz \u015brodowiska. Wsp\u00f3\u0142czesny \u015bwiat mierzy si\u0119 z ogromnymi wyzwaniami nadmiern\u0105 konsumpcj\u0105, zanieczyszczeniem \u015brodowiska, ociepleniem&hellip;<\/p>\n","protected":false},"author":1,"featured_media":2439,"comment_status":"open","ping_status":"open","sticky":false,"template":"","format":"standard","meta":{"ngg_post_thumbnail":938,"footnotes":""},"categories":[14,12],"tags":[],"class_list":["post-2432","post","type-post","status-publish","format-standard","has-post-thumbnail","hentry","category-inne","category-zrealizowane","tw-post-no-content","tw-post-has-image-16-9","tw-meta-no-icon"],"_links":{"self":[{"href":"https:\/\/echoczerska.pl\/index.php?rest_route=\/wp\/v2\/posts\/2432","targetHints":{"allow":["GET"]}}],"collection":[{"href":"https:\/\/echoczerska.pl\/index.php?rest_route=\/wp\/v2\/posts"}],"about":[{"href":"https:\/\/echoczerska.pl\/index.php?rest_route=\/wp\/v2\/types\/post"}],"author":[{"embeddable":true,"href":"https:\/\/echoczerska.pl\/index.php?rest_route=\/wp\/v2\/users\/1"}],"replies":[{"embeddable":true,"href":"https:\/\/echoczerska.pl\/index.php?rest_route=%2Fwp%2Fv2%2Fcomments&post=2432"}],"version-history":[{"count":2,"href":"https:\/\/echoczerska.pl\/index.php?rest_route=\/wp\/v2\/posts\/2432\/revisions"}],"predecessor-version":[{"id":2441,"href":"https:\/\/echoczerska.pl\/index.php?rest_route=\/wp\/v2\/posts\/2432\/revisions\/2441"}],"wp:featuredmedia":[{"embeddable":true,"href":"https:\/\/echoczerska.pl\/index.php?rest_route=\/wp\/v2\/media\/2439"}],"wp:attachment":[{"href":"https:\/\/echoczerska.pl\/index.php?rest_route=%2Fwp%2Fv2%2Fmedia&parent=2432"}],"wp:term":[{"taxonomy":"category","embeddable":true,"href":"https:\/\/echoczerska.pl\/index.php?rest_route=%2Fwp%2Fv2%2Fcategories&post=2432"},{"taxonomy":"post_tag","embeddable":true,"href":"https:\/\/echoczerska.pl\/index.php?rest_route=%2Fwp%2Fv2%2Ftags&post=2432"}],"curies":[{"name":"wp","href":"https:\/\/api.w.org\/{rel}","templated":true}]}}