{"id":2457,"date":"2025-09-02T19:21:48","date_gmt":"2025-09-02T17:21:48","guid":{"rendered":"https:\/\/echoczerska.pl\/?p=2457"},"modified":"2025-09-25T19:28:00","modified_gmt":"2025-09-25T17:28:00","slug":"apv-of-the-youth-exchangeyouth-on-the-movepodlesice-poland29-08-2025-31-08-2025","status":"publish","type":"post","link":"https:\/\/echoczerska.pl\/?p=2457","title":{"rendered":"APV of the Youth Exchange<br\/>&#8222;Youth on the Move&#8221;<br\/>Podlesice, Poland<br\/>29\/08\/2025-31\/08\/2025"},"content":{"rendered":"\n<p>\ud83c\udf1f Spotkanie przygotowawcze projektu &#8222;Youth on the Move&#8221; ju\u017c si\u0119 odby\u0142o w Podlesicach! \ud83c\udf1f<\/p>\n\n\n\n<p>Podczas wizyty liderzy grup mogli zobaczy\u0107 miejsce realizacji projektu, dopracowa\u0107 harmonogram dzia\u0142a\u0144 oraz om\u00f3wi\u0107 przygotowanie swoich zespo\u0142\u00f3w. \u2705<\/p>\n\n\n\n<p>Projekt po\u0142\u0105czy m\u0142odych ludzi z Polski, \u0141otwy, Ukrainy, Armenii, Albanii, Serbii i Turcji, aby wsp\u00f3lnie odkrywa\u0107 i promowa\u0107 korzy\u015bci p\u0142yn\u0105ce z aktywnego i zdrowego stylu \u017cycia! \ud83d\udcaa\ud83c\udf3f<\/p>\n\n\n\n<p>Dzi\u0119ki r\u00f3\u017cnorodnemu programowi, kt\u00f3ry b\u0119dzie obejmowa\u0142 aktywno\u015bci sportowe, wyzwania na \u015bwie\u017cym powietrzu, \u0107wiczenia integracyjne i interaktywne warsztaty, uczestnicy b\u0119d\u0105 mieli okazj\u0119 przekona\u0107 si\u0119, jak przyjemne i satysfakcjonuj\u0105ce mo\u017ce by\u0107 w\u0142\u0105czanie ruchu do codziennego \u017cycia. \ud83c\udfc3\u200d\u2642\ufe0f\ud83e\udd38\u200d\u2640\ufe0f<\/p>\n\n\n\n<p>Projekt b\u0119dzie podkre\u015bla\u0142, \u017ce aktywno\u015b\u0107 fizyczna nie ogranicza si\u0119 jedynie do sportu wyczynowego \u2013 mo\u017ce przybiera\u0107 wiele form, kt\u00f3re b\u0119d\u0105 przyjemne i dost\u0119pne dla ka\u017cdego. Niezale\u017cnie od tego, czy poprzez gry zespo\u0142owe, \u0107wiczenia na \u0142onie natury, czy ruchowe wymiany kulturowe, uczestnicy b\u0119d\u0105 zach\u0119cani do odkrywania form aktywno\u015bci, kt\u00f3re najlepiej odpowiadaj\u0105 ich zainteresowaniom i mo\u017cliwo\u015bciom. \ud83c\udf0d\ud83d\udcab<\/p>\n\n\n\n<p>#YouthOnTheMove #ActiveLifestyle #HealthyLiving #YouthExchange #Podlesice #TeamBuilding #SportAndFun #CulturalExchange #CofundedbytheEuropeanUnion<\/p>\n\n\n\n<figure class=\"wp-block-image size-full is-resized\"><img loading=\"lazy\" decoding=\"async\" width=\"800\" height=\"135\" src=\"https:\/\/echoczerska.pl\/wp-content\/uploads\/2022\/12\/LOGO-na-strone.png\" alt=\"\" class=\"wp-image-669\" style=\"width:528px;height:auto\" srcset=\"https:\/\/echoczerska.pl\/wp-content\/uploads\/2022\/12\/LOGO-na-strone.png 800w, https:\/\/echoczerska.pl\/wp-content\/uploads\/2022\/12\/LOGO-na-strone-300x51.png 300w, https:\/\/echoczerska.pl\/wp-content\/uploads\/2022\/12\/LOGO-na-strone-768x130.png 768w\" sizes=\"auto, (max-width: 800px) 100vw, 800px\" \/><\/figure>\n\n\n\nngg_shortcode_0_placeholder\n","protected":false},"excerpt":{"rendered":"<p>\ud83c\udf1f Spotkanie przygotowawcze projektu &#8222;Youth on the Move&#8221; ju\u017c si\u0119 odby\u0142o w Podlesicach! \ud83c\udf1f Podczas wizyty liderzy grup mogli zobaczy\u0107 miejsce realizacji projektu, dopracowa\u0107 harmonogram dzia\u0142a\u0144 oraz om\u00f3wi\u0107 przygotowanie swoich zespo\u0142\u00f3w. \u2705 Projekt po\u0142\u0105czy m\u0142odych ludzi z Polski, \u0141otwy, Ukrainy, Armenii, Albanii, Serbii i Turcji, aby wsp\u00f3lnie odkrywa\u0107 i promowa\u0107 korzy\u015bci p\u0142yn\u0105ce z aktywnego i&hellip;<\/p>\n","protected":false},"author":1,"featured_media":2465,"comment_status":"open","ping_status":"open","sticky":false,"template":"","format":"standard","meta":{"ngg_post_thumbnail":945,"footnotes":""},"categories":[37,7,38],"tags":[],"class_list":["post-2457","post","type-post","status-publish","format-standard","has-post-thumbnail","hentry","category-37","category-euromed","category-ye-youth-on-the-move","tw-post-no-content","tw-post-has-image-16-9","tw-meta-no-icon"],"_links":{"self":[{"href":"https:\/\/echoczerska.pl\/index.php?rest_route=\/wp\/v2\/posts\/2457","targetHints":{"allow":["GET"]}}],"collection":[{"href":"https:\/\/echoczerska.pl\/index.php?rest_route=\/wp\/v2\/posts"}],"about":[{"href":"https:\/\/echoczerska.pl\/index.php?rest_route=\/wp\/v2\/types\/post"}],"author":[{"embeddable":true,"href":"https:\/\/echoczerska.pl\/index.php?rest_route=\/wp\/v2\/users\/1"}],"replies":[{"embeddable":true,"href":"https:\/\/echoczerska.pl\/index.php?rest_route=%2Fwp%2Fv2%2Fcomments&post=2457"}],"version-history":[{"count":2,"href":"https:\/\/echoczerska.pl\/index.php?rest_route=\/wp\/v2\/posts\/2457\/revisions"}],"predecessor-version":[{"id":2468,"href":"https:\/\/echoczerska.pl\/index.php?rest_route=\/wp\/v2\/posts\/2457\/revisions\/2468"}],"wp:featuredmedia":[{"embeddable":true,"href":"https:\/\/echoczerska.pl\/index.php?rest_route=\/wp\/v2\/media\/2465"}],"wp:attachment":[{"href":"https:\/\/echoczerska.pl\/index.php?rest_route=%2Fwp%2Fv2%2Fmedia&parent=2457"}],"wp:term":[{"taxonomy":"category","embeddable":true,"href":"https:\/\/echoczerska.pl\/index.php?rest_route=%2Fwp%2Fv2%2Fcategories&post=2457"},{"taxonomy":"post_tag","embeddable":true,"href":"https:\/\/echoczerska.pl\/index.php?rest_route=%2Fwp%2Fv2%2Ftags&post=2457"}],"curies":[{"name":"wp","href":"https:\/\/api.w.org\/{rel}","templated":true}]}}