{"id":2501,"date":"2025-10-05T13:09:36","date_gmt":"2025-10-05T11:09:36","guid":{"rendered":"https:\/\/echoczerska.pl\/?p=2501"},"modified":"2025-11-13T13:39:06","modified_gmt":"2025-11-13T12:39:06","slug":"youth-exchangeyouth-on-the-movepodlesice-poland22-09-2025-29-09-2025","status":"publish","type":"post","link":"https:\/\/echoczerska.pl\/?p=2501","title":{"rendered":"Youth Exchange<br\/>&#8222;Youth on the Move&#8221;<br\/>Podlesice, Poland<br\/>22\/09\/2025-29\/09\/2025"},"content":{"rendered":"\n<p>Wymiana m\u0142odzie\u017cowa \u201eYouth on the Move\u201d dobieg\u0142a ko\u0144ca w Podlesicach, pozostawiaj\u0105c uczestnik\u00f3w z nowymi przyja\u017aniami, niezapomnianymi wspomnieniami i cennymi do\u015bwiadczeniami na przysz\u0142o\u015b\u0107. M\u0142odzi ludzie z Polski, \u0141otwy, Serbii, Turcji, Ukrainy, Armenii i Albanii sp\u0119dzili inspiruj\u0105cy tydzie\u0144 pe\u0142en nauki, aktywno\u015bci i wymiany mi\u0119dzykulturowej.<\/p>\n\n\n\n<p>W trakcie projektu uczestnicy wzi\u0119li udzia\u0142 w r\u00f3\u017cnorodnych warsztatach i wyzwaniach terenowych, kt\u00f3re promowa\u0142y wsp\u00f3\u0142prac\u0119, samo\u015bwiadomo\u015b\u0107 i zdrowy styl \u017cycia. Program \u0142\u0105czy\u0142 elementy rozwoju fizycznego, psychicznego i emocjonalnego w sp\u00f3jn\u0105, holistyczn\u0105 ca\u0142o\u015b\u0107.<\/p>\n\n\n\n<p>W\u015br\u00f3d najwa\u017cniejszych moment\u00f3w wymiany znalaz\u0142y si\u0119 sesje uwa\u017cno\u015bci prowadzone przez zesp\u00f3\u0142 z Ukrainy oraz warsztat dotycz\u0105cy radzenia sobie ze stresem przygotowany przez grup\u0119 z \u0141otwy, kt\u00f3re pomog\u0142y uczestnikom odnale\u017a\u0107 r\u00f3wnowag\u0119 i koncentracj\u0119 w codziennym \u017cyciu. Dla wielu by\u0142a to r\u00f3wnie\u017c pierwsza okazja do spr\u00f3bowania jogi i \u0107wicze\u0144 oddechowych, kt\u00f3re okaza\u0142y si\u0119 doskona\u0142ym narz\u0119dziem relaksacji.<\/p>\n\n\n\n<p>Wa\u017cnym elementem projektu by\u0142y tak\u017ce dzia\u0142ania po\u015bwi\u0119cone zdrowemu od\u017cywianiu i \u015bwiadomym nawykom \u017cywieniowym. Podczas interaktywnych zaj\u0119\u0107 m\u0142odzi ludzie dowiedzieli si\u0119, jak wybory \u017cywieniowe wp\u0142ywaj\u0105 na cia\u0142o i umys\u0142, a wsp\u00f3lne przygotowywanie zdrowych posi\u0142k\u00f3w sta\u0142o si\u0119 nie tylko nauk\u0105, ale i okazj\u0105 do integracji oraz budowania pozytywnych relacji.<\/p>\n\n\n\n<p>Nie zabrak\u0142o r\u00f3wnie\u017c aktywno\u015bci sportowych i gier terenowych, w kt\u00f3rych uczestnicy rywalizowali w duchu pozytywnej, przyjaznej konkurencji. Wsp\u00f3lne rozgrywki, sztafety i zadania zespo\u0142owe wzmacnia\u0142y ducha wsp\u00f3\u0142pracy, motywacj\u0119 i wzajemne wsparcie.<\/p>\n\n\n\n<p>Podczas wymiany odby\u0142y si\u0119 tak\u017ce warsztaty z zakresu rozwi\u0105zywania konflikt\u00f3w, komunikacji i pracy zespo\u0142owej, kt\u00f3re sprzyja\u0142y refleksji nad empati\u0105 i zrozumieniem w relacjach z innymi. Niezapomniane wieczory kulturowe pozwoli\u0142y ka\u017cdej z grup zaprezentowa\u0107 swoje tradycje, muzyk\u0119, ta\u0144ce i kuchni\u0119 \u2013 tworz\u0105c atmosfer\u0119 rado\u015bci, otwarto\u015bci i przyja\u017ani.<\/p>\n\n\n\n<p>Zako\u0144czenie projektu \u201eYouth on the Move\u201d to nie koniec, lecz pocz\u0105tek \u2013 uczestnicy wracaj\u0105 do swoich kraj\u00f3w bogatsi o wiedz\u0119, nowe umiej\u0119tno\u015bci i wspomnienia pe\u0142ne wsp\u00f3\u0142pracy, \u015bmiechu i odkrywania. Projekt udowodni\u0142, \u017ce wymiany m\u0142odzie\u017cowe naprawd\u0119 potrafi\u0105 \u201eporuszy\u0107\u201d \u2013 \u0142\u0105cz\u0105c ludzi, kultury i idee w duchu wsp\u00f3lnego rozwoju i europejskiej solidarno\u015bci.<\/p>\n\n\n\n<p>Projekt \u201eYouth on the Move\u201d zosta\u0142 wsp\u00f3\u0142finansowany przez Uni\u0119 Europejsk\u0105.<\/p>\n\n\n\n<figure class=\"wp-block-image size-full is-resized\"><img loading=\"lazy\" decoding=\"async\" width=\"800\" height=\"135\" src=\"https:\/\/echoczerska.pl\/wp-content\/uploads\/2022\/12\/LOGO-na-strone.png\" alt=\"\" class=\"wp-image-669\" style=\"width:542px;height:auto\" srcset=\"https:\/\/echoczerska.pl\/wp-content\/uploads\/2022\/12\/LOGO-na-strone.png 800w, https:\/\/echoczerska.pl\/wp-content\/uploads\/2022\/12\/LOGO-na-strone-300x51.png 300w, https:\/\/echoczerska.pl\/wp-content\/uploads\/2022\/12\/LOGO-na-strone-768x130.png 768w\" sizes=\"auto, (max-width: 800px) 100vw, 800px\" \/><\/figure>\n\n\n\nngg_shortcode_0_placeholder\n","protected":false},"excerpt":{"rendered":"<p>Wymiana m\u0142odzie\u017cowa \u201eYouth on the Move\u201d dobieg\u0142a ko\u0144ca w Podlesicach, pozostawiaj\u0105c uczestnik\u00f3w z nowymi przyja\u017aniami, niezapomnianymi wspomnieniami i cennymi do\u015bwiadczeniami na przysz\u0142o\u015b\u0107. M\u0142odzi ludzie z Polski, \u0141otwy, Serbii, Turcji, Ukrainy, Armenii i Albanii sp\u0119dzili inspiruj\u0105cy tydzie\u0144 pe\u0142en nauki, aktywno\u015bci i wymiany mi\u0119dzykulturowej. W trakcie projektu uczestnicy wzi\u0119li udzia\u0142 w r\u00f3\u017cnorodnych warsztatach i wyzwaniach terenowych, kt\u00f3re&hellip;<\/p>\n","protected":false},"author":1,"featured_media":2509,"comment_status":"open","ping_status":"open","sticky":false,"template":"","format":"standard","meta":{"ngg_post_thumbnail":972,"footnotes":""},"categories":[37,7,38,12],"tags":[],"class_list":["post-2501","post","type-post","status-publish","format-standard","has-post-thumbnail","hentry","category-37","category-euromed","category-ye-youth-on-the-move","category-zrealizowane","tw-post-no-content","tw-post-has-image-16-9","tw-meta-no-icon"],"_links":{"self":[{"href":"https:\/\/echoczerska.pl\/index.php?rest_route=\/wp\/v2\/posts\/2501","targetHints":{"allow":["GET"]}}],"collection":[{"href":"https:\/\/echoczerska.pl\/index.php?rest_route=\/wp\/v2\/posts"}],"about":[{"href":"https:\/\/echoczerska.pl\/index.php?rest_route=\/wp\/v2\/types\/post"}],"author":[{"embeddable":true,"href":"https:\/\/echoczerska.pl\/index.php?rest_route=\/wp\/v2\/users\/1"}],"replies":[{"embeddable":true,"href":"https:\/\/echoczerska.pl\/index.php?rest_route=%2Fwp%2Fv2%2Fcomments&post=2501"}],"version-history":[{"count":2,"href":"https:\/\/echoczerska.pl\/index.php?rest_route=\/wp\/v2\/posts\/2501\/revisions"}],"predecessor-version":[{"id":2511,"href":"https:\/\/echoczerska.pl\/index.php?rest_route=\/wp\/v2\/posts\/2501\/revisions\/2511"}],"wp:featuredmedia":[{"embeddable":true,"href":"https:\/\/echoczerska.pl\/index.php?rest_route=\/wp\/v2\/media\/2509"}],"wp:attachment":[{"href":"https:\/\/echoczerska.pl\/index.php?rest_route=%2Fwp%2Fv2%2Fmedia&parent=2501"}],"wp:term":[{"taxonomy":"category","embeddable":true,"href":"https:\/\/echoczerska.pl\/index.php?rest_route=%2Fwp%2Fv2%2Fcategories&post=2501"},{"taxonomy":"post_tag","embeddable":true,"href":"https:\/\/echoczerska.pl\/index.php?rest_route=%2Fwp%2Fv2%2Ftags&post=2501"}],"curies":[{"name":"wp","href":"https:\/\/api.w.org\/{rel}","templated":true}]}}