{"id":906,"date":"2023-01-29T21:06:08","date_gmt":"2023-01-29T20:06:08","guid":{"rendered":"https:\/\/echoczerska.pl\/?p=906"},"modified":"2024-08-16T13:22:56","modified_gmt":"2024-08-16T11:22:56","slug":"youth-exchangedigital-immigrants-battle-for-survivalbratislava-slovakia11-01-2022-19-01-2022","status":"publish","type":"post","link":"https:\/\/echoczerska.pl\/?p=906","title":{"rendered":"Youth Exchange<br \/>&#8222;Digital Immigrants&#8217; Battle for Survival&#8221;<br \/>Bratislava, Slovakia<br \/>11\/01\/2023-19\/01\/2023"},"content":{"rendered":"\n<p>Projekt &#8222;Digital Immigrants&#8217; Battle for Survival&#8221; odby\u0142 si\u0119 w Bratys\u0142awie, w dniach 11.01 &#8211; 19.01.2023r. Podczas pobytu mieli\u015bmy mo\u017cliwo\u015b\u0107 zg\u0142\u0119bi\u0107 wiedz\u0119 odno\u015bnie nowych technologii, a tak\u017ce jak poszczeg\u00f3lne grupy wiekowe si\u0119 do niej adaptuj\u0105. Umiej\u0119tno\u015bci, kt\u00f3re zdobywali\u015bmy w trakcie projektu by\u0142y bardzo interesuj\u0105ce, a wykonuj\u0105c prace grupowe mogli\u015bmy stosowa\u0107 je w praktyce. Dowiedzieli\u015bmy si\u0119 kim s\u0105 digital immigrants oraz digital natives, jakie s\u0105 mi\u0119dzy nimi r\u00f3\u017cnice oraz w jaki spos\u00f3b digital natives mog\u0105 zrozumie\u0107 digital immigrants i jak im pom\u00f3c w przystosowaniu si\u0119 do \u015bwiata technologii. Poznali\u015bmy internetowe narz\u0119dzia, kt\u00f3re mo\u017cna stosowa\u0107 w ka\u017cdym zak\u0105tku \u015bwiata, ka\u017cdy z nas z pewno\u015bci\u0105 b\u0119dzie wykorzystywa\u0142 je w przysz\u0142o\u015bci.<\/p>\n\n\n\n<p>Podczas projektu mogli\u015bmy pozna\u0107 kultury pa\u0144stw uczestnicz\u0105cych w wydarzeniu: Czech, Portugalii, Turcji, W\u0119gier oraz S\u0142owacji, kt\u00f3rej stolic\u0119 zwiedzali\u015bmy w wolnym czasie. Ten wyjazd by\u0142 dla nas wspania\u0142ym do\u015bwiadczeniem, mogli\u015bmy zasmakowa\u0107 wiele tradycyjnych da\u0144 r\u00f3\u017cnych kultur (m.in. indyjskiej, tureckiej, wietnamskiej, arabskiej, s\u0142owackiej), poza tym poznali\u015bmy niezwyk\u0142ych ludzi, z kt\u00f3rymi ca\u0142y czas trzymamy kontakt, oraz z kt\u00f3rymi zawi\u0105zali\u015bmy silne wi\u0119zi.&nbsp;<\/p>\n\n\n\n<p>Projekty Erasmus+ to dla nas mo\u017cliwo\u015b\u0107 na wypad gdzie\u015b dalej, cieszymy si\u0119 \u017ce mo\u017cemy z tego korzysta\u0107, z pewno\u015bci\u0105 nigdy nie zapomnimy tego wyjazdu, ju\u017c nie mo\u017cemy si\u0119 doczeka\u0107 kolejnego.<\/p>\n\n\n\n<figure class=\"wp-block-image size-full is-resized\"><img loading=\"lazy\" decoding=\"async\" src=\"https:\/\/echoczerska.pl\/wp-content\/uploads\/2022\/12\/LOGO-na-strone.png\" alt=\"\" class=\"wp-image-669\" width=\"533\" height=\"90\" srcset=\"https:\/\/echoczerska.pl\/wp-content\/uploads\/2022\/12\/LOGO-na-strone.png 800w, https:\/\/echoczerska.pl\/wp-content\/uploads\/2022\/12\/LOGO-na-strone-300x51.png 300w, https:\/\/echoczerska.pl\/wp-content\/uploads\/2022\/12\/LOGO-na-strone-768x130.png 768w\" sizes=\"auto, (max-width: 533px) 100vw, 533px\" \/><\/figure>\n\n\n\nngg_shortcode_0_placeholder\n","protected":false},"excerpt":{"rendered":"<p>Projekt &#8222;Digital Immigrants&#8217; Battle for Survival&#8221; odby\u0142 si\u0119 w Bratys\u0142awie, w dniach 11.01 &#8211; 19.01.2023r. Podczas pobytu mieli\u015bmy mo\u017cliwo\u015b\u0107 zg\u0142\u0119bi\u0107 wiedz\u0119 odno\u015bnie nowych technologii, a tak\u017ce jak poszczeg\u00f3lne grupy wiekowe si\u0119 do niej adaptuj\u0105. Umiej\u0119tno\u015bci, kt\u00f3re zdobywali\u015bmy w trakcie projektu by\u0142y bardzo interesuj\u0105ce, a wykonuj\u0105c prace grupowe mogli\u015bmy stosowa\u0107 je w praktyce. Dowiedzieli\u015bmy si\u0119 kim&hellip;<\/p>\n","protected":false},"author":1,"featured_media":919,"comment_status":"open","ping_status":"open","sticky":false,"template":"","format":"standard","meta":{"ngg_post_thumbnail":105,"footnotes":""},"categories":[14,12],"tags":[],"class_list":["post-906","post","type-post","status-publish","format-standard","has-post-thumbnail","hentry","category-inne","category-zrealizowane","tw-post-no-content","tw-post-has-image-16-9","tw-meta-no-icon"],"_links":{"self":[{"href":"https:\/\/echoczerska.pl\/index.php?rest_route=\/wp\/v2\/posts\/906","targetHints":{"allow":["GET"]}}],"collection":[{"href":"https:\/\/echoczerska.pl\/index.php?rest_route=\/wp\/v2\/posts"}],"about":[{"href":"https:\/\/echoczerska.pl\/index.php?rest_route=\/wp\/v2\/types\/post"}],"author":[{"embeddable":true,"href":"https:\/\/echoczerska.pl\/index.php?rest_route=\/wp\/v2\/users\/1"}],"replies":[{"embeddable":true,"href":"https:\/\/echoczerska.pl\/index.php?rest_route=%2Fwp%2Fv2%2Fcomments&post=906"}],"version-history":[{"count":3,"href":"https:\/\/echoczerska.pl\/index.php?rest_route=\/wp\/v2\/posts\/906\/revisions"}],"predecessor-version":[{"id":1217,"href":"https:\/\/echoczerska.pl\/index.php?rest_route=\/wp\/v2\/posts\/906\/revisions\/1217"}],"wp:featuredmedia":[{"embeddable":true,"href":"https:\/\/echoczerska.pl\/index.php?rest_route=\/wp\/v2\/media\/919"}],"wp:attachment":[{"href":"https:\/\/echoczerska.pl\/index.php?rest_route=%2Fwp%2Fv2%2Fmedia&parent=906"}],"wp:term":[{"taxonomy":"category","embeddable":true,"href":"https:\/\/echoczerska.pl\/index.php?rest_route=%2Fwp%2Fv2%2Fcategories&post=906"},{"taxonomy":"post_tag","embeddable":true,"href":"https:\/\/echoczerska.pl\/index.php?rest_route=%2Fwp%2Fv2%2Ftags&post=906"}],"curies":[{"name":"wp","href":"https:\/\/api.w.org\/{rel}","templated":true}]}}